{"id":9473,"date":"2024-04-02T07:48:14","date_gmt":"2024-04-02T05:48:14","guid":{"rendered":"http:\/\/www.jeanmoulinmarmande.fr\/?p=9473"},"modified":"2024-04-02T07:48:14","modified_gmt":"2024-04-02T05:48:14","slug":"action-inclusive-pour-celebrer-la-semaine-des-mathematiques","status":"publish","type":"post","link":"https:\/\/www.jeanmoulinmarmande.fr\/?p=9473","title":{"rendered":"Action Inclusive pour c\u00e9l\u00e9brer la semaine des Math\u00e9matiques !"},"content":{"rendered":"<p>Merci \u00e0 Madame Chirold pour cette belle initiative&nbsp; !<\/p>\n<p><img loading=\"lazy\" decoding=\"async\" class=\"alignnone  wp-image-9475\" src=\"http:\/\/www.jeanmoulinmarmande.fr\/wp-content\/uploads\/2024\/04\/compte-rendu-semaine-des-maths-300x300.png\" alt=\"\" width=\"794\" height=\"794\" srcset=\"https:\/\/www.jeanmoulinmarmande.fr\/wp-content\/uploads\/2024\/04\/compte-rendu-semaine-des-maths-300x300.png 300w, https:\/\/www.jeanmoulinmarmande.fr\/wp-content\/uploads\/2024\/04\/compte-rendu-semaine-des-maths-1024x1024.png 1024w, https:\/\/www.jeanmoulinmarmande.fr\/wp-content\/uploads\/2024\/04\/compte-rendu-semaine-des-maths-150x150.png 150w, https:\/\/www.jeanmoulinmarmande.fr\/wp-content\/uploads\/2024\/04\/compte-rendu-semaine-des-maths-768x768.png 768w, https:\/\/www.jeanmoulinmarmande.fr\/wp-content\/uploads\/2024\/04\/compte-rendu-semaine-des-maths.png 1080w\" sizes=\"auto, (max-width: 794px) 100vw, 794px\" \/><\/p>\n","protected":false},"excerpt":{"rendered":"<p>Merci \u00e0 Madame Chirold pour cette belle initiative&nbsp; !<\/p>\n","protected":false},"author":83,"featured_media":0,"comment_status":"closed","ping_status":"open","sticky":false,"template":"","format":"standard","meta":{"ngg_post_thumbnail":0,"footnotes":""},"categories":[62],"tags":[],"class_list":["post-9473","post","type-post","status-publish","format-standard","hentry","category-info-generales"],"_links":{"self":[{"href":"https:\/\/www.jeanmoulinmarmande.fr\/index.php?rest_route=\/wp\/v2\/posts\/9473","targetHints":{"allow":["GET"]}}],"collection":[{"href":"https:\/\/www.jeanmoulinmarmande.fr\/index.php?rest_route=\/wp\/v2\/posts"}],"about":[{"href":"https:\/\/www.jeanmoulinmarmande.fr\/index.php?rest_route=\/wp\/v2\/types\/post"}],"author":[{"embeddable":true,"href":"https:\/\/www.jeanmoulinmarmande.fr\/index.php?rest_route=\/wp\/v2\/users\/83"}],"replies":[{"embeddable":true,"href":"https:\/\/www.jeanmoulinmarmande.fr\/index.php?rest_route=%2Fwp%2Fv2%2Fcomments&post=9473"}],"version-history":[{"count":1,"href":"https:\/\/www.jeanmoulinmarmande.fr\/index.php?rest_route=\/wp\/v2\/posts\/9473\/revisions"}],"predecessor-version":[{"id":9476,"href":"https:\/\/www.jeanmoulinmarmande.fr\/index.php?rest_route=\/wp\/v2\/posts\/9473\/revisions\/9476"}],"wp:attachment":[{"href":"https:\/\/www.jeanmoulinmarmande.fr\/index.php?rest_route=%2Fwp%2Fv2%2Fmedia&parent=9473"}],"wp:term":[{"taxonomy":"category","embeddable":true,"href":"https:\/\/www.jeanmoulinmarmande.fr\/index.php?rest_route=%2Fwp%2Fv2%2Fcategories&post=9473"},{"taxonomy":"post_tag","embeddable":true,"href":"https:\/\/www.jeanmoulinmarmande.fr\/index.php?rest_route=%2Fwp%2Fv2%2Ftags&post=9473"}],"curies":[{"name":"wp","href":"https:\/\/api.w.org\/{rel}","templated":true}]}}