{"id":9357,"date":"2023-12-11T09:06:16","date_gmt":"2023-12-11T08:06:16","guid":{"rendered":"http:\/\/www.jeanmoulinmarmande.fr\/?p=9357"},"modified":"2023-12-11T09:06:16","modified_gmt":"2023-12-11T08:06:16","slug":"les-eleves-du-college-participent-a-la-semaine-de-lindustrie-au-lycee-val-de-garonne","status":"publish","type":"post","link":"https:\/\/www.jeanmoulinmarmande.fr\/?p=9357","title":{"rendered":"Les \u00e9l\u00e8ves du coll\u00e8ge participent \u00e0 la semaine de l&rsquo;industrie au lyc\u00e9e Val de Garonne"},"content":{"rendered":"<p>Des \u00e9l\u00e8ves du coll\u00e8ge relatent leur visite des ateliers du lyc\u00e9e Val de Garonne dans le cadre de la semaine de l&rsquo;industrie :<a href=\"http:\/\/www.jeanmoulinmarmande.fr\/wp-content\/uploads\/2023\/12\/val-de-garonne-article2.pdf\"> http:\/\/www.jeanmoulinmarmande.fr\/wp-content\/uploads\/2023\/12\/val-de-garonne-article2.pdf<\/a><\/p>\n<p>&nbsp;<\/p>\n","protected":false},"excerpt":{"rendered":"<p>Des \u00e9l\u00e8ves du coll\u00e8ge relatent leur visite des ateliers du lyc\u00e9e Val de Garonne dans le cadre de la semaine de l&rsquo;industrie : http:\/\/www.jeanmoulinmarmande.fr\/wp-content\/uploads\/2023\/12\/val-de-garonne-article2.pdf &nbsp;<\/p>\n","protected":false},"author":83,"featured_media":0,"comment_status":"closed","ping_status":"open","sticky":false,"template":"","format":"standard","meta":{"ngg_post_thumbnail":0,"footnotes":""},"categories":[62],"tags":[],"class_list":["post-9357","post","type-post","status-publish","format-standard","hentry","category-info-generales"],"_links":{"self":[{"href":"https:\/\/www.jeanmoulinmarmande.fr\/index.php?rest_route=\/wp\/v2\/posts\/9357","targetHints":{"allow":["GET"]}}],"collection":[{"href":"https:\/\/www.jeanmoulinmarmande.fr\/index.php?rest_route=\/wp\/v2\/posts"}],"about":[{"href":"https:\/\/www.jeanmoulinmarmande.fr\/index.php?rest_route=\/wp\/v2\/types\/post"}],"author":[{"embeddable":true,"href":"https:\/\/www.jeanmoulinmarmande.fr\/index.php?rest_route=\/wp\/v2\/users\/83"}],"replies":[{"embeddable":true,"href":"https:\/\/www.jeanmoulinmarmande.fr\/index.php?rest_route=%2Fwp%2Fv2%2Fcomments&post=9357"}],"version-history":[{"count":2,"href":"https:\/\/www.jeanmoulinmarmande.fr\/index.php?rest_route=\/wp\/v2\/posts\/9357\/revisions"}],"predecessor-version":[{"id":9360,"href":"https:\/\/www.jeanmoulinmarmande.fr\/index.php?rest_route=\/wp\/v2\/posts\/9357\/revisions\/9360"}],"wp:attachment":[{"href":"https:\/\/www.jeanmoulinmarmande.fr\/index.php?rest_route=%2Fwp%2Fv2%2Fmedia&parent=9357"}],"wp:term":[{"taxonomy":"category","embeddable":true,"href":"https:\/\/www.jeanmoulinmarmande.fr\/index.php?rest_route=%2Fwp%2Fv2%2Fcategories&post=9357"},{"taxonomy":"post_tag","embeddable":true,"href":"https:\/\/www.jeanmoulinmarmande.fr\/index.php?rest_route=%2Fwp%2Fv2%2Ftags&post=9357"}],"curies":[{"name":"wp","href":"https:\/\/api.w.org\/{rel}","templated":true}]}}