{"id":9352,"date":"2023-12-08T12:53:54","date_gmt":"2023-12-08T11:53:54","guid":{"rendered":"http:\/\/www.jeanmoulinmarmande.fr\/?p=9352"},"modified":"2023-12-11T08:54:32","modified_gmt":"2023-12-11T07:54:32","slug":"miguelmatheodonauvanjordanthomas-de-3-7-visitent-le-salon-ambition-avenir","status":"publish","type":"post","link":"https:\/\/www.jeanmoulinmarmande.fr\/?p=9352","title":{"rendered":"Visite des 3e  au Salon Ambition Avenir"},"content":{"rendered":"<p>Les \u00e9l\u00e8ves de troisi\u00e8me du coll\u00e8ge ont particip\u00e9 au Salon Ambition Avenir.<\/p>\n<p>Cinq&nbsp; \u00e9l\u00e8ves de 3-7 nous relatent leur visite:<\/p>\n<p><a href=\"http:\/\/www.jeanmoulinmarmande.fr\/wp-content\/uploads\/2023\/12\/artcicle-salon-ambitin-et-avenir.pdf\">http:\/\/www.jeanmoulinmarmande.fr\/wp-content\/uploads\/2023\/12\/artcicle-salon-ambitin-et-avenir.pdf<\/a><\/p>\n","protected":false},"excerpt":{"rendered":"<p>Les \u00e9l\u00e8ves de troisi\u00e8me du coll\u00e8ge ont particip\u00e9 au Salon Ambition Avenir. Cinq&nbsp; \u00e9l\u00e8ves de 3-7 nous relatent leur visite: http:\/\/www.jeanmoulinmarmande.fr\/wp-content\/uploads\/2023\/12\/artcicle-salon-ambitin-et-avenir.pdf<\/p>\n","protected":false},"author":83,"featured_media":0,"comment_status":"closed","ping_status":"open","sticky":false,"template":"","format":"standard","meta":{"ngg_post_thumbnail":0,"footnotes":""},"categories":[62],"tags":[],"class_list":["post-9352","post","type-post","status-publish","format-standard","hentry","category-info-generales"],"_links":{"self":[{"href":"https:\/\/www.jeanmoulinmarmande.fr\/index.php?rest_route=\/wp\/v2\/posts\/9352","targetHints":{"allow":["GET"]}}],"collection":[{"href":"https:\/\/www.jeanmoulinmarmande.fr\/index.php?rest_route=\/wp\/v2\/posts"}],"about":[{"href":"https:\/\/www.jeanmoulinmarmande.fr\/index.php?rest_route=\/wp\/v2\/types\/post"}],"author":[{"embeddable":true,"href":"https:\/\/www.jeanmoulinmarmande.fr\/index.php?rest_route=\/wp\/v2\/users\/83"}],"replies":[{"embeddable":true,"href":"https:\/\/www.jeanmoulinmarmande.fr\/index.php?rest_route=%2Fwp%2Fv2%2Fcomments&post=9352"}],"version-history":[{"count":3,"href":"https:\/\/www.jeanmoulinmarmande.fr\/index.php?rest_route=\/wp\/v2\/posts\/9352\/revisions"}],"predecessor-version":[{"id":9356,"href":"https:\/\/www.jeanmoulinmarmande.fr\/index.php?rest_route=\/wp\/v2\/posts\/9352\/revisions\/9356"}],"wp:attachment":[{"href":"https:\/\/www.jeanmoulinmarmande.fr\/index.php?rest_route=%2Fwp%2Fv2%2Fmedia&parent=9352"}],"wp:term":[{"taxonomy":"category","embeddable":true,"href":"https:\/\/www.jeanmoulinmarmande.fr\/index.php?rest_route=%2Fwp%2Fv2%2Fcategories&post=9352"},{"taxonomy":"post_tag","embeddable":true,"href":"https:\/\/www.jeanmoulinmarmande.fr\/index.php?rest_route=%2Fwp%2Fv2%2Ftags&post=9352"}],"curies":[{"name":"wp","href":"https:\/\/api.w.org\/{rel}","templated":true}]}}