{"id":9288,"date":"2023-11-07T13:54:43","date_gmt":"2023-11-07T12:54:43","guid":{"rendered":"http:\/\/www.jeanmoulinmarmande.fr\/?p=9288"},"modified":"2023-11-07T14:56:49","modified_gmt":"2023-11-07T13:56:49","slug":"les-5-7-travaillent-sur-les-volcans","status":"publish","type":"post","link":"https:\/\/www.jeanmoulinmarmande.fr\/?p=9288","title":{"rendered":"Les 5-7 travaillent sur les s\u00e9ismes"},"content":{"rendered":"<div><strong>La classe de 5eme7 a \u00e9tudi\u00e9 les s\u00e9ismes en classe. En 2023, il y a eu un grand s\u00e9isme en Turquie et un grand s\u00e9isme au Maroc. les \u00e9l\u00e8ves ont r\u00e9alis\u00e9 des maquettes pour mieux comprendre ce qu&rsquo;est une faille, un \u00e9picentre ou une onde sismique. Vous pourrez les voir dans la vid\u00e9o suivante.<\/strong><\/div>\n<div>&nbsp;<\/div>\n<div>&nbsp;<\/div>\n<div><a href=\"https:\/\/www.youtube.com\/watch?v=r4dBtCBPjX4\">https:\/\/www.youtube.com\/watch?v=r4dBtCBPjX4<\/a><\/div>\n","protected":false},"excerpt":{"rendered":"<p>La classe de 5eme7 a \u00e9tudi\u00e9 les s\u00e9ismes en classe. En 2023, il y a eu un grand s\u00e9isme en Turquie et un grand s\u00e9isme au Maroc. les \u00e9l\u00e8ves ont r\u00e9alis\u00e9 des maquettes pour mieux comprendre ce qu&rsquo;est une faille, un \u00e9picentre ou une onde sismique. Vous pourrez les voir dans la vid\u00e9o suivante. &nbsp; &hellip; <a href=\"https:\/\/www.jeanmoulinmarmande.fr\/?p=9288\" class=\"more-link\">Continuer la lecture de <span class=\"screen-reader-text\">Les 5-7 travaillent sur les s\u00e9ismes<\/span>  <span class=\"meta-nav\">&rarr;<\/span><\/a><\/p>\n","protected":false},"author":83,"featured_media":0,"comment_status":"closed","ping_status":"open","sticky":false,"template":"","format":"standard","meta":{"ngg_post_thumbnail":0,"footnotes":""},"categories":[62],"tags":[],"class_list":["post-9288","post","type-post","status-publish","format-standard","hentry","category-info-generales"],"_links":{"self":[{"href":"https:\/\/www.jeanmoulinmarmande.fr\/index.php?rest_route=\/wp\/v2\/posts\/9288","targetHints":{"allow":["GET"]}}],"collection":[{"href":"https:\/\/www.jeanmoulinmarmande.fr\/index.php?rest_route=\/wp\/v2\/posts"}],"about":[{"href":"https:\/\/www.jeanmoulinmarmande.fr\/index.php?rest_route=\/wp\/v2\/types\/post"}],"author":[{"embeddable":true,"href":"https:\/\/www.jeanmoulinmarmande.fr\/index.php?rest_route=\/wp\/v2\/users\/83"}],"replies":[{"embeddable":true,"href":"https:\/\/www.jeanmoulinmarmande.fr\/index.php?rest_route=%2Fwp%2Fv2%2Fcomments&post=9288"}],"version-history":[{"count":3,"href":"https:\/\/www.jeanmoulinmarmande.fr\/index.php?rest_route=\/wp\/v2\/posts\/9288\/revisions"}],"predecessor-version":[{"id":9291,"href":"https:\/\/www.jeanmoulinmarmande.fr\/index.php?rest_route=\/wp\/v2\/posts\/9288\/revisions\/9291"}],"wp:attachment":[{"href":"https:\/\/www.jeanmoulinmarmande.fr\/index.php?rest_route=%2Fwp%2Fv2%2Fmedia&parent=9288"}],"wp:term":[{"taxonomy":"category","embeddable":true,"href":"https:\/\/www.jeanmoulinmarmande.fr\/index.php?rest_route=%2Fwp%2Fv2%2Fcategories&post=9288"},{"taxonomy":"post_tag","embeddable":true,"href":"https:\/\/www.jeanmoulinmarmande.fr\/index.php?rest_route=%2Fwp%2Fv2%2Ftags&post=9288"}],"curies":[{"name":"wp","href":"https:\/\/api.w.org\/{rel}","templated":true}]}}