{"id":9267,"date":"2023-10-15T18:08:48","date_gmt":"2023-10-15T16:08:48","guid":{"rendered":"http:\/\/www.jeanmoulinmarmande.fr\/?p=9267"},"modified":"2023-10-15T18:08:48","modified_gmt":"2023-10-15T16:08:48","slug":"organisation-de-la-journee-du-16-octobre","status":"publish","type":"post","link":"https:\/\/www.jeanmoulinmarmande.fr\/?p=9267","title":{"rendered":"Organisation de la journ\u00e9e du 16 Octobre"},"content":{"rendered":"<p>Conform\u00e9ment aux directives minist\u00e9rielles, et suite au drame survenu \u00e0 Arras vendredi dernier, les cours pr\u00e9vus Lundi matin 16 Octobre de 8h00 \u00e0 10h00 sont annul\u00e9s.<\/p>\n<p>Les \u00e9l\u00e8ves ne commenceront les cours, conform\u00e9ment a leur emploi du temps habituel, qu&rsquo;\u00e0 10h00.<\/p>\n<p>Un accueil temporaire et minimal sera organis\u00e9 pour les \u00e9l\u00e8ves qui d\u00e9pendent absolument des services de transport scolaires&nbsp; et ceux dont les familles ne peuvent s&rsquo;organiser autrement.<\/p>\n<p>A 14h00 une minute de silence sera respect\u00e9e dans chaque classe, en m\u00e9moire des victimes des attentats contre notre Ecole.<\/p>\n<p>L&rsquo;\u00e9quipe de direction.<\/p>\n","protected":false},"excerpt":{"rendered":"<p>Conform\u00e9ment aux directives minist\u00e9rielles, et suite au drame survenu \u00e0 Arras vendredi dernier, les cours pr\u00e9vus Lundi matin 16 Octobre de 8h00 \u00e0 10h00 sont annul\u00e9s. Les \u00e9l\u00e8ves ne commenceront les cours, conform\u00e9ment a leur emploi du temps habituel, qu&rsquo;\u00e0 10h00. Un accueil temporaire et minimal sera organis\u00e9 pour les \u00e9l\u00e8ves qui d\u00e9pendent absolument des &hellip; <a href=\"https:\/\/www.jeanmoulinmarmande.fr\/?p=9267\" class=\"more-link\">Continuer la lecture de <span class=\"screen-reader-text\">Organisation de la journ\u00e9e du 16 Octobre<\/span>  <span class=\"meta-nav\">&rarr;<\/span><\/a><\/p>\n","protected":false},"author":83,"featured_media":0,"comment_status":"closed","ping_status":"open","sticky":false,"template":"","format":"standard","meta":{"ngg_post_thumbnail":0,"footnotes":""},"categories":[62],"tags":[],"class_list":["post-9267","post","type-post","status-publish","format-standard","hentry","category-info-generales"],"_links":{"self":[{"href":"https:\/\/www.jeanmoulinmarmande.fr\/index.php?rest_route=\/wp\/v2\/posts\/9267","targetHints":{"allow":["GET"]}}],"collection":[{"href":"https:\/\/www.jeanmoulinmarmande.fr\/index.php?rest_route=\/wp\/v2\/posts"}],"about":[{"href":"https:\/\/www.jeanmoulinmarmande.fr\/index.php?rest_route=\/wp\/v2\/types\/post"}],"author":[{"embeddable":true,"href":"https:\/\/www.jeanmoulinmarmande.fr\/index.php?rest_route=\/wp\/v2\/users\/83"}],"replies":[{"embeddable":true,"href":"https:\/\/www.jeanmoulinmarmande.fr\/index.php?rest_route=%2Fwp%2Fv2%2Fcomments&post=9267"}],"version-history":[{"count":1,"href":"https:\/\/www.jeanmoulinmarmande.fr\/index.php?rest_route=\/wp\/v2\/posts\/9267\/revisions"}],"predecessor-version":[{"id":9268,"href":"https:\/\/www.jeanmoulinmarmande.fr\/index.php?rest_route=\/wp\/v2\/posts\/9267\/revisions\/9268"}],"wp:attachment":[{"href":"https:\/\/www.jeanmoulinmarmande.fr\/index.php?rest_route=%2Fwp%2Fv2%2Fmedia&parent=9267"}],"wp:term":[{"taxonomy":"category","embeddable":true,"href":"https:\/\/www.jeanmoulinmarmande.fr\/index.php?rest_route=%2Fwp%2Fv2%2Fcategories&post=9267"},{"taxonomy":"post_tag","embeddable":true,"href":"https:\/\/www.jeanmoulinmarmande.fr\/index.php?rest_route=%2Fwp%2Fv2%2Ftags&post=9267"}],"curies":[{"name":"wp","href":"https:\/\/api.w.org\/{rel}","templated":true}]}}