{"id":9236,"date":"2023-09-13T15:30:54","date_gmt":"2023-09-13T13:30:54","guid":{"rendered":"http:\/\/www.jeanmoulinmarmande.fr\/?p=9236"},"modified":"2023-09-13T15:30:54","modified_gmt":"2023-09-13T13:30:54","slug":"elections-des-representants-des-parents-deleves-au-conseil-dadministration","status":"publish","type":"post","link":"https:\/\/www.jeanmoulinmarmande.fr\/?p=9236","title":{"rendered":"\u00c9lections des repr\u00e9sentants des parents d&rsquo;\u00e9l\u00e8ves au conseil d&rsquo;administration"},"content":{"rendered":"<p>Une r\u00e9union d&rsquo;information aura lieu Lundi 18 Septembre \u00e0 18h en salle de conf\u00e9rence au coll\u00e8ge.<\/p>\n<p>A cette occasion vous seront pr\u00e9sents les diff\u00e9rentes instances dans lesquelles les parents peuvent si\u00e9ger ainsi que leur fonctionnement.<\/p>\n<p>Il est recommand\u00e9 aux personnes qui souhaitent si\u00e9ger au conseil d&rsquo;administration de l&rsquo;\u00e9tablissement de&nbsp; bien vouloir \u00eatre pr\u00e9sente \u00e0 cette r\u00e9union ou de se faire conna\u00eetre avant.<\/p>\n<p>Dans un souci de pragmatisme et d&rsquo;efficacit\u00e9 la liste des repr\u00e9sentants des parents d&rsquo;\u00e9l\u00e8ves au CA sera finalis\u00e9e ce soir l\u00e0.<\/p>\n<p>Nous savons pouvoir compter sur votre engagement.<\/p>\n<p>L&rsquo;\u00e9quipe de direction.<\/p>\n","protected":false},"excerpt":{"rendered":"<p>Une r\u00e9union d&rsquo;information aura lieu Lundi 18 Septembre \u00e0 18h en salle de conf\u00e9rence au coll\u00e8ge. A cette occasion vous seront pr\u00e9sents les diff\u00e9rentes instances dans lesquelles les parents peuvent si\u00e9ger ainsi que leur fonctionnement. Il est recommand\u00e9 aux personnes qui souhaitent si\u00e9ger au conseil d&rsquo;administration de l&rsquo;\u00e9tablissement de&nbsp; bien vouloir \u00eatre pr\u00e9sente \u00e0 cette &hellip; <a href=\"https:\/\/www.jeanmoulinmarmande.fr\/?p=9236\" class=\"more-link\">Continuer la lecture de <span class=\"screen-reader-text\">\u00c9lections des repr\u00e9sentants des parents d&rsquo;\u00e9l\u00e8ves au conseil d&rsquo;administration<\/span>  <span class=\"meta-nav\">&rarr;<\/span><\/a><\/p>\n","protected":false},"author":83,"featured_media":0,"comment_status":"closed","ping_status":"open","sticky":false,"template":"","format":"standard","meta":{"ngg_post_thumbnail":0,"footnotes":""},"categories":[62],"tags":[],"class_list":["post-9236","post","type-post","status-publish","format-standard","hentry","category-info-generales"],"_links":{"self":[{"href":"https:\/\/www.jeanmoulinmarmande.fr\/index.php?rest_route=\/wp\/v2\/posts\/9236","targetHints":{"allow":["GET"]}}],"collection":[{"href":"https:\/\/www.jeanmoulinmarmande.fr\/index.php?rest_route=\/wp\/v2\/posts"}],"about":[{"href":"https:\/\/www.jeanmoulinmarmande.fr\/index.php?rest_route=\/wp\/v2\/types\/post"}],"author":[{"embeddable":true,"href":"https:\/\/www.jeanmoulinmarmande.fr\/index.php?rest_route=\/wp\/v2\/users\/83"}],"replies":[{"embeddable":true,"href":"https:\/\/www.jeanmoulinmarmande.fr\/index.php?rest_route=%2Fwp%2Fv2%2Fcomments&post=9236"}],"version-history":[{"count":1,"href":"https:\/\/www.jeanmoulinmarmande.fr\/index.php?rest_route=\/wp\/v2\/posts\/9236\/revisions"}],"predecessor-version":[{"id":9237,"href":"https:\/\/www.jeanmoulinmarmande.fr\/index.php?rest_route=\/wp\/v2\/posts\/9236\/revisions\/9237"}],"wp:attachment":[{"href":"https:\/\/www.jeanmoulinmarmande.fr\/index.php?rest_route=%2Fwp%2Fv2%2Fmedia&parent=9236"}],"wp:term":[{"taxonomy":"category","embeddable":true,"href":"https:\/\/www.jeanmoulinmarmande.fr\/index.php?rest_route=%2Fwp%2Fv2%2Fcategories&post=9236"},{"taxonomy":"post_tag","embeddable":true,"href":"https:\/\/www.jeanmoulinmarmande.fr\/index.php?rest_route=%2Fwp%2Fv2%2Ftags&post=9236"}],"curies":[{"name":"wp","href":"https:\/\/api.w.org\/{rel}","templated":true}]}}