{"id":9221,"date":"2023-08-30T18:18:13","date_gmt":"2023-08-30T16:18:13","guid":{"rendered":"http:\/\/www.jeanmoulinmarmande.fr\/?p=9221"},"modified":"2023-09-03T17:24:24","modified_gmt":"2023-09-03T15:24:24","slug":"organisation-de-la-rentree-des-eleves-2023","status":"publish","type":"post","link":"https:\/\/www.jeanmoulinmarmande.fr\/?p=9221","title":{"rendered":"Organisation de la rentr\u00e9e des \u00e9l\u00e8ves  2023"},"content":{"rendered":"<p>L&rsquo;organisation de la rentr\u00e9e des \u00e9l\u00e8ves sera la suivante:<\/p>\n<p>En classe de 6e,&nbsp; rentr\u00e9e&nbsp; LUNDI 4&nbsp; &nbsp;SEPTEMBRE \u00e0 8h00 \u00e0 17h00<\/p>\n<p>Les parents sont convi\u00e9s&nbsp; \u00e0 une r\u00e9union de 9h \u00e0 10h et peuvent venir dans la salle&nbsp; en avec le Professeur Principal&nbsp; de 10h30 \u00e0 11h.<\/p>\n<p>En classe de 5e, 4e, 3e&nbsp; rentr\u00e9e MARDI 5 SEPTEMBRE \u00e0 8h00.<\/p>\n<p>Les externes seront lib\u00e9r\u00e9s \u00e0 11h<\/p>\n<p>Pr\u00e9cision:&nbsp; n&rsquo;apporter le jour de la rentr\u00e9e que le strict n\u00e9cessaire, \u00e0 savoir une trousse compl\u00e8te, un cahier de brouillon, quelques feuilles dans une pochette et un agenda<\/p>\n<p>Bonne rentr\u00e9e \u00e0 tous<\/p>\n<p>L&rsquo;\u00e9quipe de direction<\/p>\n","protected":false},"excerpt":{"rendered":"<p>L&rsquo;organisation de la rentr\u00e9e des \u00e9l\u00e8ves sera la suivante: En classe de 6e,&nbsp; rentr\u00e9e&nbsp; LUNDI 4&nbsp; &nbsp;SEPTEMBRE \u00e0 8h00 \u00e0 17h00 Les parents sont convi\u00e9s&nbsp; \u00e0 une r\u00e9union de 9h \u00e0 10h et peuvent venir dans la salle&nbsp; en avec le Professeur Principal&nbsp; de 10h30 \u00e0 11h. En classe de 5e, 4e, 3e&nbsp; rentr\u00e9e MARDI &hellip; <a href=\"https:\/\/www.jeanmoulinmarmande.fr\/?p=9221\" class=\"more-link\">Continuer la lecture de <span class=\"screen-reader-text\">Organisation de la rentr\u00e9e des \u00e9l\u00e8ves  2023<\/span>  <span class=\"meta-nav\">&rarr;<\/span><\/a><\/p>\n","protected":false},"author":83,"featured_media":0,"comment_status":"closed","ping_status":"open","sticky":false,"template":"","format":"standard","meta":{"ngg_post_thumbnail":0,"footnotes":""},"categories":[62],"tags":[],"class_list":["post-9221","post","type-post","status-publish","format-standard","hentry","category-info-generales"],"_links":{"self":[{"href":"https:\/\/www.jeanmoulinmarmande.fr\/index.php?rest_route=\/wp\/v2\/posts\/9221","targetHints":{"allow":["GET"]}}],"collection":[{"href":"https:\/\/www.jeanmoulinmarmande.fr\/index.php?rest_route=\/wp\/v2\/posts"}],"about":[{"href":"https:\/\/www.jeanmoulinmarmande.fr\/index.php?rest_route=\/wp\/v2\/types\/post"}],"author":[{"embeddable":true,"href":"https:\/\/www.jeanmoulinmarmande.fr\/index.php?rest_route=\/wp\/v2\/users\/83"}],"replies":[{"embeddable":true,"href":"https:\/\/www.jeanmoulinmarmande.fr\/index.php?rest_route=%2Fwp%2Fv2%2Fcomments&post=9221"}],"version-history":[{"count":5,"href":"https:\/\/www.jeanmoulinmarmande.fr\/index.php?rest_route=\/wp\/v2\/posts\/9221\/revisions"}],"predecessor-version":[{"id":9227,"href":"https:\/\/www.jeanmoulinmarmande.fr\/index.php?rest_route=\/wp\/v2\/posts\/9221\/revisions\/9227"}],"wp:attachment":[{"href":"https:\/\/www.jeanmoulinmarmande.fr\/index.php?rest_route=%2Fwp%2Fv2%2Fmedia&parent=9221"}],"wp:term":[{"taxonomy":"category","embeddable":true,"href":"https:\/\/www.jeanmoulinmarmande.fr\/index.php?rest_route=%2Fwp%2Fv2%2Fcategories&post=9221"},{"taxonomy":"post_tag","embeddable":true,"href":"https:\/\/www.jeanmoulinmarmande.fr\/index.php?rest_route=%2Fwp%2Fv2%2Ftags&post=9221"}],"curies":[{"name":"wp","href":"https:\/\/api.w.org\/{rel}","templated":true}]}}