{"id":9213,"date":"2023-07-06T11:26:37","date_gmt":"2023-07-06T09:26:37","guid":{"rendered":"http:\/\/www.jeanmoulinmarmande.fr\/?p=9213"},"modified":"2023-07-06T11:26:37","modified_gmt":"2023-07-06T09:26:37","slug":"une-3eme-place-pour-le-concours-flore-a-la-loupe","status":"publish","type":"post","link":"https:\/\/www.jeanmoulinmarmande.fr\/?p=9213","title":{"rendered":"Une 3\u00e8me place pour le concours \u00ab Flore \u00e0 la loupe \u00bb !"},"content":{"rendered":"<p>L\u2019atelier a men\u00e9 \u00e0 bien ses 2 missions&nbsp;de sciences participatives :<\/p>\n<ul>\n<li>Dans le cadre du projet arbor\u2019\u00e9cole, selon un protocole rigoureux, ils ont confectionn\u00e9 des fausses chenilles, les ont install\u00e9es sur les branches du ch\u00eane p\u00e9doncul\u00e9 dans la cour du coll\u00e8ge, les ont r\u00e9cup\u00e9r\u00e9es, ont identifi\u00e9 les traces des pr\u00e9dateurs et ont tout port\u00e9 \u00e0 Bastien Castagneyrol le 17 jui . En effet Bastien nous a accueilli \u00e0 l\u2019inrae de Cestas et nous a expliqu\u00e9 avec beaucoup de p\u00e9dagogie son travail. Merci \u00e0 lui&nbsp;! Nous avons ensuite visit\u00e9 le mus\u00e9um d\u2019histoires naturelles \u00e0 Bordeaux.<\/li>\n<\/ul>\n<p><img loading=\"lazy\" decoding=\"async\" class=\"alignnone size-medium wp-image-9214\" src=\"http:\/\/www.jeanmoulinmarmande.fr\/wp-content\/uploads\/2023\/07\/flore-a-la-loupe-300x225.jpg\" alt=\"\" width=\"300\" height=\"225\" srcset=\"https:\/\/www.jeanmoulinmarmande.fr\/wp-content\/uploads\/2023\/07\/flore-a-la-loupe-300x225.jpg 300w, https:\/\/www.jeanmoulinmarmande.fr\/wp-content\/uploads\/2023\/07\/flore-a-la-loupe-150x113.jpg 150w, https:\/\/www.jeanmoulinmarmande.fr\/wp-content\/uploads\/2023\/07\/flore-a-la-loupe-768x576.jpg 768w, https:\/\/www.jeanmoulinmarmande.fr\/wp-content\/uploads\/2023\/07\/flore-a-la-loupe.jpg 889w\" sizes=\"auto, (max-width: 300px) 100vw, 300px\" \/><\/p>\n<ul>\n<li style=\"list-style-type: none;\">\n<ul>\n<li>Dans le cadre de du projet \u00ab&nbsp;sauvage de ma rue&nbsp;\u00bb et&nbsp;\u00bb flore \u00e0 la loupe&nbsp;\u00bb les \u00e9l\u00e8ves de l\u2019atelier ont identifi\u00e9 des \u00ab&nbsp;mauvaises herbes&nbsp;\u00bb poussant sur les bords de trottoirs dans les rues autour du coll\u00e8ge, ont r\u00e9alis\u00e9 un jeu&nbsp;\u00ab&nbsp;qui est cette fleur&nbsp;?&nbsp;\u00bb et ont pr\u00e9sent\u00e9 leur travail \u00e0 un jury le 22 juin. Bravo&nbsp;! <strong>Ils ont \u00e9t\u00e9 \u00e0 la hauteur et ont remport\u00e9 le 3\u00e8me prix soit 150 euros pour l\u2019atelier scientifique.<\/strong><\/li>\n<\/ul>\n<\/li>\n<\/ul>\n<p>&nbsp;<\/p>\n<p><img loading=\"lazy\" decoding=\"async\" class=\"size-medium wp-image-9218 alignright\" src=\"http:\/\/www.jeanmoulinmarmande.fr\/wp-content\/uploads\/2023\/07\/FLORE-2-1-225x300.jpg\" alt=\"\" width=\"225\" height=\"300\" srcset=\"https:\/\/www.jeanmoulinmarmande.fr\/wp-content\/uploads\/2023\/07\/FLORE-2-1-225x300.jpg 225w, https:\/\/www.jeanmoulinmarmande.fr\/wp-content\/uploads\/2023\/07\/FLORE-2-1-113x150.jpg 113w, https:\/\/www.jeanmoulinmarmande.fr\/wp-content\/uploads\/2023\/07\/FLORE-2-1-rotated.jpg 465w\" sizes=\"auto, (max-width: 225px) 100vw, 225px\" \/><img loading=\"lazy\" decoding=\"async\" class=\"alignnone size-medium wp-image-9217\" src=\"http:\/\/www.jeanmoulinmarmande.fr\/wp-content\/uploads\/2023\/07\/FLORE-4-300x225.jpg\" alt=\"\" width=\"300\" height=\"225\" srcset=\"https:\/\/www.jeanmoulinmarmande.fr\/wp-content\/uploads\/2023\/07\/FLORE-4-300x225.jpg 300w, https:\/\/www.jeanmoulinmarmande.fr\/wp-content\/uploads\/2023\/07\/FLORE-4-150x113.jpg 150w, https:\/\/www.jeanmoulinmarmande.fr\/wp-content\/uploads\/2023\/07\/FLORE-4.jpg 704w\" sizes=\"auto, (max-width: 300px) 100vw, 300px\" \/> <img loading=\"lazy\" decoding=\"async\" class=\"size-medium wp-image-9216 alignright\" src=\"http:\/\/www.jeanmoulinmarmande.fr\/wp-content\/uploads\/2023\/07\/FLORE-3-300x225.jpg\" alt=\"\" width=\"300\" height=\"225\" srcset=\"https:\/\/www.jeanmoulinmarmande.fr\/wp-content\/uploads\/2023\/07\/FLORE-3-300x225.jpg 300w, https:\/\/www.jeanmoulinmarmande.fr\/wp-content\/uploads\/2023\/07\/FLORE-3-150x113.jpg 150w, https:\/\/www.jeanmoulinmarmande.fr\/wp-content\/uploads\/2023\/07\/FLORE-3.jpg 648w\" sizes=\"auto, (max-width: 300px) 100vw, 300px\" \/><\/p>\n","protected":false},"excerpt":{"rendered":"<p>L\u2019atelier a men\u00e9 \u00e0 bien ses 2 missions&nbsp;de sciences participatives : Dans le cadre du projet arbor\u2019\u00e9cole, selon un protocole rigoureux, ils ont confectionn\u00e9 des fausses chenilles, les ont install\u00e9es sur les branches du ch\u00eane p\u00e9doncul\u00e9 dans la cour du coll\u00e8ge, les ont r\u00e9cup\u00e9r\u00e9es, ont identifi\u00e9 les traces des pr\u00e9dateurs et ont tout port\u00e9 \u00e0 &hellip; <a href=\"https:\/\/www.jeanmoulinmarmande.fr\/?p=9213\" class=\"more-link\">Continuer la lecture de <span class=\"screen-reader-text\">Une 3\u00e8me place pour le concours \u00ab Flore \u00e0 la loupe \u00bb !<\/span>  <span class=\"meta-nav\">&rarr;<\/span><\/a><\/p>\n","protected":false},"author":83,"featured_media":0,"comment_status":"closed","ping_status":"open","sticky":false,"template":"","format":"standard","meta":{"ngg_post_thumbnail":0,"footnotes":""},"categories":[62],"tags":[],"class_list":["post-9213","post","type-post","status-publish","format-standard","hentry","category-info-generales"],"_links":{"self":[{"href":"https:\/\/www.jeanmoulinmarmande.fr\/index.php?rest_route=\/wp\/v2\/posts\/9213","targetHints":{"allow":["GET"]}}],"collection":[{"href":"https:\/\/www.jeanmoulinmarmande.fr\/index.php?rest_route=\/wp\/v2\/posts"}],"about":[{"href":"https:\/\/www.jeanmoulinmarmande.fr\/index.php?rest_route=\/wp\/v2\/types\/post"}],"author":[{"embeddable":true,"href":"https:\/\/www.jeanmoulinmarmande.fr\/index.php?rest_route=\/wp\/v2\/users\/83"}],"replies":[{"embeddable":true,"href":"https:\/\/www.jeanmoulinmarmande.fr\/index.php?rest_route=%2Fwp%2Fv2%2Fcomments&post=9213"}],"version-history":[{"count":1,"href":"https:\/\/www.jeanmoulinmarmande.fr\/index.php?rest_route=\/wp\/v2\/posts\/9213\/revisions"}],"predecessor-version":[{"id":9219,"href":"https:\/\/www.jeanmoulinmarmande.fr\/index.php?rest_route=\/wp\/v2\/posts\/9213\/revisions\/9219"}],"wp:attachment":[{"href":"https:\/\/www.jeanmoulinmarmande.fr\/index.php?rest_route=%2Fwp%2Fv2%2Fmedia&parent=9213"}],"wp:term":[{"taxonomy":"category","embeddable":true,"href":"https:\/\/www.jeanmoulinmarmande.fr\/index.php?rest_route=%2Fwp%2Fv2%2Fcategories&post=9213"},{"taxonomy":"post_tag","embeddable":true,"href":"https:\/\/www.jeanmoulinmarmande.fr\/index.php?rest_route=%2Fwp%2Fv2%2Ftags&post=9213"}],"curies":[{"name":"wp","href":"https:\/\/api.w.org\/{rel}","templated":true}]}}