{"id":9158,"date":"2023-06-02T09:42:35","date_gmt":"2023-06-02T07:42:35","guid":{"rendered":"http:\/\/www.jeanmoulinmarmande.fr\/?p=9158"},"modified":"2023-06-02T09:42:35","modified_gmt":"2023-06-02T07:42:35","slug":"maiadas-occitanes-2023","status":"publish","type":"post","link":"https:\/\/www.jeanmoulinmarmande.fr\/?p=9158","title":{"rendered":"MAIADAS OCCITANES 2023"},"content":{"rendered":"<p>Les rencontres scolaires occitanes des Ma\u00efadas sur le th\u00e8me \u00ab\u00a0libres-libres\u00a0\u00bb( livres-libres) se sont d\u00e9roul\u00e9es mardi 23\/05\/23 \u00e0 Marmande au coll\u00e8ge Jean Moulin, \u00e0 l\u2019\u00e9cole Labrunie, et au petit th\u00e9\u00e2tre. Cette journ\u00e9e a regroup\u00e9 les 301 \u00e9l\u00e8ves bilingues occitan de toutes les \u00e9coles primaires du Lot et Garonne, ainsi que des coll\u00e9giens occitans de Mme Grelet, du coll\u00e8ge Jean Moulin et du coll\u00e8ge Kl\u00e9ber Thoueilles de Monsempron Libos. Les participants venaient donc de Marmande, Cocumont, Meilhan sur Garonne, Monsempron, Libos, Penne d&rsquo;Agenais, Laroque Timbaut, Agen, Roquefort.<br \/>\nL&rsquo;organisation de ces rencontres Ma\u00efadas occitanes a \u00e9t\u00e9 rendue possible gr\u00e2ce \u00e0 un tr\u00e8s bon accueil du personnel du coll\u00e8ge, gr\u00e2ce \u00e0 l&rsquo;investissement de membres d&rsquo;associations oeuvrant pour la diffusion de la culture r\u00e9gionale comme les ATP Marmande, OCBI, Culturas d&rsquo;OC, et des particuliers b\u00e9n\u00e9voles occitano-phones motiv\u00e9s, ainsi que des accompagnateurs qui, immerg\u00e9s dans ce bain linguistique, avouaient \u00e0 la fin de la journ\u00e9e avoir progress\u00e9 dans leur compr\u00e9hension de la langue.<br \/>\nLes enfants ont ainsi b\u00e9n\u00e9fici\u00e9 de la pr\u00e9sence de plus de 75 adultes. Les intervenants animaient diverses activit\u00e9s : des ateliers culturels (danse traditionnelle,<br \/>\nchant, arts visuels), des temps sportifs (jeux traditionnels), et linguistiques ( sur des textes moyen\u00e2geux des archives d\u00e9partementales en langue r\u00e9gionale, ou<br \/>\nlors de moments d&rsquo;histoires cont\u00e9es, et en \u00e9change avec une autre classe), autour de la projection de leurs productions audiovisuelles, et lors de la visite de<br \/>\nl&rsquo;exposition. C&rsquo;\u00e9tait la finalisation d&rsquo;un projet sur la libert\u00e9 et le livre, chaque classe y ayant travaill\u00e9 durant toute l&rsquo;ann\u00e9e scolaire. Les \u00e9l\u00e8ves se sont retrouv\u00e9s \u00e0 midi sur la pelouse du coll\u00e8ge pour pique-niquer, chanter un chant traditionnel \u00ab\u00a0A Bord\u00e8u\u00a0\u00bb, un chant plus r\u00e9cent sur l&rsquo;esp\u00e9rance \u00ab\u00a0De cap t\u00e0 l&rsquo;imort\u00e8la\u00a0\u00bb et pour \u00e9couter les coll\u00e9giens chanter l&rsquo;ode \u00e0 la langue occitane \u00ab\u00a0La soubirane\u00a0\u00bb.<\/p>\n<p>Ce fut une bien belle journ\u00e9e!<\/p>\n<p><img loading=\"lazy\" decoding=\"async\" src=\"http:\/\/www.jeanmoulinmarmande.fr\/wp-content\/uploads\/2023\/06\/arrivee-225x300.jpg\" alt=\"\" width=\"225\" height=\"300\" class=\"alignnone size-medium wp-image-9159\" srcset=\"https:\/\/www.jeanmoulinmarmande.fr\/wp-content\/uploads\/2023\/06\/arrivee-225x300.jpg 225w, https:\/\/www.jeanmoulinmarmande.fr\/wp-content\/uploads\/2023\/06\/arrivee-768x1024.jpg 768w, https:\/\/www.jeanmoulinmarmande.fr\/wp-content\/uploads\/2023\/06\/arrivee-113x150.jpg 113w, https:\/\/www.jeanmoulinmarmande.fr\/wp-content\/uploads\/2023\/06\/arrivee.jpg 1125w\" sizes=\"auto, (max-width: 225px) 100vw, 225px\" \/><\/p>\n<p><img loading=\"lazy\" decoding=\"async\" src=\"http:\/\/www.jeanmoulinmarmande.fr\/wp-content\/uploads\/2023\/06\/atelier-chant-300x225.jpg\" alt=\"\" width=\"300\" height=\"225\" class=\"alignnone size-medium wp-image-9160\" srcset=\"https:\/\/www.jeanmoulinmarmande.fr\/wp-content\/uploads\/2023\/06\/atelier-chant-300x225.jpg 300w, https:\/\/www.jeanmoulinmarmande.fr\/wp-content\/uploads\/2023\/06\/atelier-chant-1024x768.jpg 1024w, https:\/\/www.jeanmoulinmarmande.fr\/wp-content\/uploads\/2023\/06\/atelier-chant-150x113.jpg 150w, https:\/\/www.jeanmoulinmarmande.fr\/wp-content\/uploads\/2023\/06\/atelier-chant-768x576.jpg 768w, https:\/\/www.jeanmoulinmarmande.fr\/wp-content\/uploads\/2023\/06\/atelier-chant.jpg 1500w\" sizes=\"auto, (max-width: 300px) 100vw, 300px\" \/><\/p>\n<p><img loading=\"lazy\" decoding=\"async\" src=\"http:\/\/www.jeanmoulinmarmande.fr\/wp-content\/uploads\/2023\/06\/expo1_contes_sala-de-conf-300x225.jpg\" alt=\"\" width=\"300\" height=\"225\" class=\"alignnone size-medium wp-image-9161\" srcset=\"https:\/\/www.jeanmoulinmarmande.fr\/wp-content\/uploads\/2023\/06\/expo1_contes_sala-de-conf-300x225.jpg 300w, https:\/\/www.jeanmoulinmarmande.fr\/wp-content\/uploads\/2023\/06\/expo1_contes_sala-de-conf-1024x768.jpg 1024w, https:\/\/www.jeanmoulinmarmande.fr\/wp-content\/uploads\/2023\/06\/expo1_contes_sala-de-conf-150x113.jpg 150w, https:\/\/www.jeanmoulinmarmande.fr\/wp-content\/uploads\/2023\/06\/expo1_contes_sala-de-conf-768x576.jpg 768w, https:\/\/www.jeanmoulinmarmande.fr\/wp-content\/uploads\/2023\/06\/expo1_contes_sala-de-conf.jpg 1500w\" sizes=\"auto, (max-width: 300px) 100vw, 300px\" \/><\/p>\n<p><img loading=\"lazy\" decoding=\"async\" src=\"http:\/\/www.jeanmoulinmarmande.fr\/wp-content\/uploads\/2023\/06\/MAIADAS-300x168.jpg\" alt=\"\" width=\"300\" height=\"168\" class=\"alignnone size-medium wp-image-9162\" srcset=\"https:\/\/www.jeanmoulinmarmande.fr\/wp-content\/uploads\/2023\/06\/MAIADAS-300x168.jpg 300w, https:\/\/www.jeanmoulinmarmande.fr\/wp-content\/uploads\/2023\/06\/MAIADAS-1024x575.jpg 1024w, https:\/\/www.jeanmoulinmarmande.fr\/wp-content\/uploads\/2023\/06\/MAIADAS-150x84.jpg 150w, https:\/\/www.jeanmoulinmarmande.fr\/wp-content\/uploads\/2023\/06\/MAIADAS-768x431.jpg 768w, https:\/\/www.jeanmoulinmarmande.fr\/wp-content\/uploads\/2023\/06\/MAIADAS.jpg 1500w\" sizes=\"auto, (max-width: 300px) 100vw, 300px\" \/><\/p>\n<p><img loading=\"lazy\" decoding=\"async\" src=\"http:\/\/www.jeanmoulinmarmande.fr\/wp-content\/uploads\/2023\/06\/MAIADAS2-300x168.jpg\" alt=\"\" width=\"300\" height=\"168\" class=\"alignnone size-medium wp-image-9163\" srcset=\"https:\/\/www.jeanmoulinmarmande.fr\/wp-content\/uploads\/2023\/06\/MAIADAS2-300x168.jpg 300w, https:\/\/www.jeanmoulinmarmande.fr\/wp-content\/uploads\/2023\/06\/MAIADAS2-1024x575.jpg 1024w, https:\/\/www.jeanmoulinmarmande.fr\/wp-content\/uploads\/2023\/06\/MAIADAS2-150x84.jpg 150w, https:\/\/www.jeanmoulinmarmande.fr\/wp-content\/uploads\/2023\/06\/MAIADAS2-768x431.jpg 768w, https:\/\/www.jeanmoulinmarmande.fr\/wp-content\/uploads\/2023\/06\/MAIADAS2.jpg 1500w\" sizes=\"auto, (max-width: 300px) 100vw, 300px\" \/><\/p>\n","protected":false},"excerpt":{"rendered":"<p>Les rencontres scolaires occitanes des Ma\u00efadas sur le th\u00e8me \u00ab\u00a0libres-libres\u00a0\u00bb( livres-libres) se sont d\u00e9roul\u00e9es mardi 23\/05\/23 \u00e0 Marmande au coll\u00e8ge Jean Moulin, \u00e0 l\u2019\u00e9cole Labrunie, et au petit th\u00e9\u00e2tre. Cette journ\u00e9e a regroup\u00e9 les 301 \u00e9l\u00e8ves bilingues occitan de toutes les \u00e9coles primaires du Lot et Garonne, ainsi que des coll\u00e9giens occitans de Mme Grelet, &hellip; <a href=\"https:\/\/www.jeanmoulinmarmande.fr\/?p=9158\" class=\"more-link\">Continuer la lecture de <span class=\"screen-reader-text\">MAIADAS OCCITANES 2023<\/span>  <span class=\"meta-nav\">&rarr;<\/span><\/a><\/p>\n","protected":false},"author":83,"featured_media":0,"comment_status":"closed","ping_status":"open","sticky":false,"template":"","format":"standard","meta":{"ngg_post_thumbnail":0,"footnotes":""},"categories":[62],"tags":[],"class_list":["post-9158","post","type-post","status-publish","format-standard","hentry","category-info-generales"],"_links":{"self":[{"href":"https:\/\/www.jeanmoulinmarmande.fr\/index.php?rest_route=\/wp\/v2\/posts\/9158","targetHints":{"allow":["GET"]}}],"collection":[{"href":"https:\/\/www.jeanmoulinmarmande.fr\/index.php?rest_route=\/wp\/v2\/posts"}],"about":[{"href":"https:\/\/www.jeanmoulinmarmande.fr\/index.php?rest_route=\/wp\/v2\/types\/post"}],"author":[{"embeddable":true,"href":"https:\/\/www.jeanmoulinmarmande.fr\/index.php?rest_route=\/wp\/v2\/users\/83"}],"replies":[{"embeddable":true,"href":"https:\/\/www.jeanmoulinmarmande.fr\/index.php?rest_route=%2Fwp%2Fv2%2Fcomments&post=9158"}],"version-history":[{"count":2,"href":"https:\/\/www.jeanmoulinmarmande.fr\/index.php?rest_route=\/wp\/v2\/posts\/9158\/revisions"}],"predecessor-version":[{"id":9165,"href":"https:\/\/www.jeanmoulinmarmande.fr\/index.php?rest_route=\/wp\/v2\/posts\/9158\/revisions\/9165"}],"wp:attachment":[{"href":"https:\/\/www.jeanmoulinmarmande.fr\/index.php?rest_route=%2Fwp%2Fv2%2Fmedia&parent=9158"}],"wp:term":[{"taxonomy":"category","embeddable":true,"href":"https:\/\/www.jeanmoulinmarmande.fr\/index.php?rest_route=%2Fwp%2Fv2%2Fcategories&post=9158"},{"taxonomy":"post_tag","embeddable":true,"href":"https:\/\/www.jeanmoulinmarmande.fr\/index.php?rest_route=%2Fwp%2Fv2%2Ftags&post=9158"}],"curies":[{"name":"wp","href":"https:\/\/api.w.org\/{rel}","templated":true}]}}