{"id":9095,"date":"2023-04-26T14:45:19","date_gmt":"2023-04-26T12:45:19","guid":{"rendered":"http:\/\/www.jeanmoulinmarmande.fr\/?p=9095"},"modified":"2023-04-26T14:45:19","modified_gmt":"2023-04-26T12:45:19","slug":"des-papillons-en-canettes-recyclees-avec-les-57","status":"publish","type":"post","link":"https:\/\/www.jeanmoulinmarmande.fr\/?p=9095","title":{"rendered":"Des papillons en canettes recycl\u00e9es avec les 5\u00b07 !"},"content":{"rendered":"<div class=\"elementToProof\" style=\"text-align: left;\"><em>Dans le cadre de l&rsquo;Education Morale et Civique et d&rsquo;un travail sur les associations, la classe de 5\u00e8me7 a re\u00e7u au coll\u00e8ge Lor\u00e9line Roques et Fabien Gay, salari\u00e9s des associations de l&rsquo;Arc en ciel et ASAM. <\/em><\/div>\n<div class=\"elementToProof\" style=\"text-align: left;\"><em>Les \u00e9l\u00e8ves ont pu leur poser des questions et comprendre le fonctionnement de ces associations locales. D\u00e8s lors, les \u00e9l\u00e8ves ont souhait\u00e9 aller d\u00e9couvrir les lieux et partager un moment convivial avec les r\u00e9sidents. Ils ont r\u00e9dig\u00e9 un mail \u00e0 Lor\u00e9line qui a r\u00e9pondu favorablement \u00e0 leur demande.&nbsp;<\/em><\/div>\n<div style=\"text-align: left;\">&nbsp;<\/div>\n<div class=\"elementToProof\" style=\"text-align: left;\"><em>La classe s&rsquo;est donc rendue lundi 24 avril dans les locaux de l&rsquo;association et a partag\u00e9 un moment cr\u00e9atif et artistique avec l&rsquo;\u00e9laboration de papillons en canettes recycl\u00e9es (dans le cadre de la manifestation Marmandaise Au fil des Arts).<\/em><\/div>\n<div class=\"elementToProof\" style=\"text-align: left;\"><em>Tout le monde \u00e9tait ravi de ce moment de d\u00e9couverte et de partage !<\/em><\/div>\n<div>&nbsp;<\/div>\n<div><img loading=\"lazy\" decoding=\"async\" class=\"alignnone size-medium wp-image-9096\" src=\"http:\/\/www.jeanmoulinmarmande.fr\/wp-content\/uploads\/2023\/04\/segpa-300x225.jpg\" alt=\"\" width=\"300\" height=\"225\" srcset=\"https:\/\/www.jeanmoulinmarmande.fr\/wp-content\/uploads\/2023\/04\/segpa-300x225.jpg 300w, https:\/\/www.jeanmoulinmarmande.fr\/wp-content\/uploads\/2023\/04\/segpa-1024x768.jpg 1024w, https:\/\/www.jeanmoulinmarmande.fr\/wp-content\/uploads\/2023\/04\/segpa-150x113.jpg 150w, https:\/\/www.jeanmoulinmarmande.fr\/wp-content\/uploads\/2023\/04\/segpa-768x576.jpg 768w, https:\/\/www.jeanmoulinmarmande.fr\/wp-content\/uploads\/2023\/04\/segpa-1536x1152.jpg 1536w, https:\/\/www.jeanmoulinmarmande.fr\/wp-content\/uploads\/2023\/04\/segpa-2048x1536.jpg 2048w\" sizes=\"auto, (max-width: 300px) 100vw, 300px\" \/> <img loading=\"lazy\" decoding=\"async\" class=\"size-medium wp-image-9097 alignright\" src=\"http:\/\/www.jeanmoulinmarmande.fr\/wp-content\/uploads\/2023\/04\/segpa2-300x225.jpg\" alt=\"\" width=\"300\" height=\"225\" srcset=\"https:\/\/www.jeanmoulinmarmande.fr\/wp-content\/uploads\/2023\/04\/segpa2-300x225.jpg 300w, https:\/\/www.jeanmoulinmarmande.fr\/wp-content\/uploads\/2023\/04\/segpa2-1024x768.jpg 1024w, https:\/\/www.jeanmoulinmarmande.fr\/wp-content\/uploads\/2023\/04\/segpa2-150x113.jpg 150w, https:\/\/www.jeanmoulinmarmande.fr\/wp-content\/uploads\/2023\/04\/segpa2-768x576.jpg 768w, https:\/\/www.jeanmoulinmarmande.fr\/wp-content\/uploads\/2023\/04\/segpa2-1536x1152.jpg 1536w, https:\/\/www.jeanmoulinmarmande.fr\/wp-content\/uploads\/2023\/04\/segpa2-2048x1536.jpg 2048w\" sizes=\"auto, (max-width: 300px) 100vw, 300px\" \/> <img loading=\"lazy\" decoding=\"async\" class=\"alignnone size-medium wp-image-9098\" src=\"http:\/\/www.jeanmoulinmarmande.fr\/wp-content\/uploads\/2023\/04\/segpa3-300x225.jpg\" alt=\"\" width=\"300\" height=\"225\" srcset=\"https:\/\/www.jeanmoulinmarmande.fr\/wp-content\/uploads\/2023\/04\/segpa3-300x225.jpg 300w, https:\/\/www.jeanmoulinmarmande.fr\/wp-content\/uploads\/2023\/04\/segpa3-1024x768.jpg 1024w, https:\/\/www.jeanmoulinmarmande.fr\/wp-content\/uploads\/2023\/04\/segpa3-150x113.jpg 150w, https:\/\/www.jeanmoulinmarmande.fr\/wp-content\/uploads\/2023\/04\/segpa3-768x576.jpg 768w, https:\/\/www.jeanmoulinmarmande.fr\/wp-content\/uploads\/2023\/04\/segpa3-1536x1152.jpg 1536w, https:\/\/www.jeanmoulinmarmande.fr\/wp-content\/uploads\/2023\/04\/segpa3-2048x1536.jpg 2048w\" sizes=\"auto, (max-width: 300px) 100vw, 300px\" \/><\/div>\n","protected":false},"excerpt":{"rendered":"<p>Dans le cadre de l&rsquo;Education Morale et Civique et d&rsquo;un travail sur les associations, la classe de 5\u00e8me7 a re\u00e7u au coll\u00e8ge Lor\u00e9line Roques et Fabien Gay, salari\u00e9s des associations de l&rsquo;Arc en ciel et ASAM. Les \u00e9l\u00e8ves ont pu leur poser des questions et comprendre le fonctionnement de ces associations locales. D\u00e8s lors, les &hellip; <a href=\"https:\/\/www.jeanmoulinmarmande.fr\/?p=9095\" class=\"more-link\">Continuer la lecture de <span class=\"screen-reader-text\">Des papillons en canettes recycl\u00e9es avec les 5\u00b07 !<\/span>  <span class=\"meta-nav\">&rarr;<\/span><\/a><\/p>\n","protected":false},"author":83,"featured_media":0,"comment_status":"closed","ping_status":"open","sticky":false,"template":"","format":"standard","meta":{"ngg_post_thumbnail":0,"footnotes":""},"categories":[62],"tags":[],"class_list":["post-9095","post","type-post","status-publish","format-standard","hentry","category-info-generales"],"_links":{"self":[{"href":"https:\/\/www.jeanmoulinmarmande.fr\/index.php?rest_route=\/wp\/v2\/posts\/9095","targetHints":{"allow":["GET"]}}],"collection":[{"href":"https:\/\/www.jeanmoulinmarmande.fr\/index.php?rest_route=\/wp\/v2\/posts"}],"about":[{"href":"https:\/\/www.jeanmoulinmarmande.fr\/index.php?rest_route=\/wp\/v2\/types\/post"}],"author":[{"embeddable":true,"href":"https:\/\/www.jeanmoulinmarmande.fr\/index.php?rest_route=\/wp\/v2\/users\/83"}],"replies":[{"embeddable":true,"href":"https:\/\/www.jeanmoulinmarmande.fr\/index.php?rest_route=%2Fwp%2Fv2%2Fcomments&post=9095"}],"version-history":[{"count":1,"href":"https:\/\/www.jeanmoulinmarmande.fr\/index.php?rest_route=\/wp\/v2\/posts\/9095\/revisions"}],"predecessor-version":[{"id":9099,"href":"https:\/\/www.jeanmoulinmarmande.fr\/index.php?rest_route=\/wp\/v2\/posts\/9095\/revisions\/9099"}],"wp:attachment":[{"href":"https:\/\/www.jeanmoulinmarmande.fr\/index.php?rest_route=%2Fwp%2Fv2%2Fmedia&parent=9095"}],"wp:term":[{"taxonomy":"category","embeddable":true,"href":"https:\/\/www.jeanmoulinmarmande.fr\/index.php?rest_route=%2Fwp%2Fv2%2Fcategories&post=9095"},{"taxonomy":"post_tag","embeddable":true,"href":"https:\/\/www.jeanmoulinmarmande.fr\/index.php?rest_route=%2Fwp%2Fv2%2Ftags&post=9095"}],"curies":[{"name":"wp","href":"https:\/\/api.w.org\/{rel}","templated":true}]}}