{"id":9062,"date":"2023-04-24T13:16:37","date_gmt":"2023-04-24T11:16:37","guid":{"rendered":"http:\/\/www.jeanmoulinmarmande.fr\/?p=9062"},"modified":"2023-04-24T13:16:37","modified_gmt":"2023-04-24T11:16:37","slug":"echange-marmande-kulmbach","status":"publish","type":"post","link":"https:\/\/www.jeanmoulinmarmande.fr\/?p=9062","title":{"rendered":"\u00e9change Marmande-Kulmbach"},"content":{"rendered":"<div>&nbsp;<\/div>\n<div>Une semaine forte en \u00e9motions vient de se d\u00e9rouler au coll\u00e8ge. Pour sa 1\u00e8re \u00e9dition, l&rsquo;\u00e9change Marmande-Kulmbach semble avoir rempli pleinement sa mission.<img loading=\"lazy\" decoding=\"async\" class=\" wp-image-9063 alignright\" src=\"http:\/\/www.jeanmoulinmarmande.fr\/wp-content\/uploads\/2023\/04\/rugby-300x139.jpg\" alt=\"\" width=\"535\" height=\"248\" srcset=\"https:\/\/www.jeanmoulinmarmande.fr\/wp-content\/uploads\/2023\/04\/rugby-300x139.jpg 300w, https:\/\/www.jeanmoulinmarmande.fr\/wp-content\/uploads\/2023\/04\/rugby-1024x473.jpg 1024w, https:\/\/www.jeanmoulinmarmande.fr\/wp-content\/uploads\/2023\/04\/rugby-150x69.jpg 150w, https:\/\/www.jeanmoulinmarmande.fr\/wp-content\/uploads\/2023\/04\/rugby-768x355.jpg 768w, https:\/\/www.jeanmoulinmarmande.fr\/wp-content\/uploads\/2023\/04\/rugby-1536x710.jpg 1536w, https:\/\/www.jeanmoulinmarmande.fr\/wp-content\/uploads\/2023\/04\/rugby-2048x947.jpg 2048w\" sizes=\"auto, (max-width: 535px) 100vw, 535px\" \/> <img loading=\"lazy\" decoding=\"async\" class=\"size-medium wp-image-9064 alignleft\" src=\"http:\/\/www.jeanmoulinmarmande.fr\/wp-content\/uploads\/2023\/04\/Dune-139x300.jpg\" alt=\"\" width=\"139\" height=\"300\" srcset=\"https:\/\/www.jeanmoulinmarmande.fr\/wp-content\/uploads\/2023\/04\/Dune-139x300.jpg 139w, https:\/\/www.jeanmoulinmarmande.fr\/wp-content\/uploads\/2023\/04\/Dune-473x1024.jpg 473w, https:\/\/www.jeanmoulinmarmande.fr\/wp-content\/uploads\/2023\/04\/Dune-69x150.jpg 69w, https:\/\/www.jeanmoulinmarmande.fr\/wp-content\/uploads\/2023\/04\/Dune-768x1662.jpg 768w, https:\/\/www.jeanmoulinmarmande.fr\/wp-content\/uploads\/2023\/04\/Dune-710x1536.jpg 710w, https:\/\/www.jeanmoulinmarmande.fr\/wp-content\/uploads\/2023\/04\/Dune-947x2048.jpg 947w, https:\/\/www.jeanmoulinmarmande.fr\/wp-content\/uploads\/2023\/04\/Dune-scaled.jpg 1183w\" sizes=\"auto, (max-width: 139px) 100vw, 139px\" \/> <img loading=\"lazy\" decoding=\"async\" class=\"size-medium wp-image-9065 aligncenter\" src=\"http:\/\/www.jeanmoulinmarmande.fr\/wp-content\/uploads\/2023\/04\/Duras-groupe-300x225.jpg\" alt=\"\" width=\"300\" height=\"225\" srcset=\"https:\/\/www.jeanmoulinmarmande.fr\/wp-content\/uploads\/2023\/04\/Duras-groupe-300x225.jpg 300w, https:\/\/www.jeanmoulinmarmande.fr\/wp-content\/uploads\/2023\/04\/Duras-groupe-150x113.jpg 150w, https:\/\/www.jeanmoulinmarmande.fr\/wp-content\/uploads\/2023\/04\/Duras-groupe-768x576.jpg 768w, https:\/\/www.jeanmoulinmarmande.fr\/wp-content\/uploads\/2023\/04\/Duras-groupe.jpg 1024w\" sizes=\"auto, (max-width: 300px) 100vw, 300px\" \/><\/div>\n<div>&nbsp;<\/div>\n<div>&nbsp;<\/div>\n<div>Quarante&nbsp; \u00e9l\u00e8ves du coll\u00e8ge ont accueilli leurs correspondants et leur ont fait d\u00e9couvrir leur ville, leur r\u00e9gion et leur mode de vie dans un enthousiasme qui faisait plaisir \u00e0 voir.<\/div>\n<div>Au programme entre autres, un rallye photo dans Marmande, la visite du ch\u00e2teau de Duras, une initiation au rugby et l&rsquo;ascension de la dune du Pilat ! Vivement&nbsp; la 2\u00e8me partie \u00e0 Kulmbach, Bavi\u00e8re !<\/div>\n","protected":false},"excerpt":{"rendered":"<p>&nbsp; Une semaine forte en \u00e9motions vient de se d\u00e9rouler au coll\u00e8ge. Pour sa 1\u00e8re \u00e9dition, l&rsquo;\u00e9change Marmande-Kulmbach semble avoir rempli pleinement sa mission. &nbsp; &nbsp; Quarante&nbsp; \u00e9l\u00e8ves du coll\u00e8ge ont accueilli leurs correspondants et leur ont fait d\u00e9couvrir leur ville, leur r\u00e9gion et leur mode de vie dans un enthousiasme qui faisait plaisir \u00e0 &hellip; <a href=\"https:\/\/www.jeanmoulinmarmande.fr\/?p=9062\" class=\"more-link\">Continuer la lecture de <span class=\"screen-reader-text\">\u00e9change Marmande-Kulmbach<\/span>  <span class=\"meta-nav\">&rarr;<\/span><\/a><\/p>\n","protected":false},"author":83,"featured_media":0,"comment_status":"closed","ping_status":"open","sticky":false,"template":"","format":"standard","meta":{"ngg_post_thumbnail":0,"footnotes":""},"categories":[62],"tags":[],"class_list":["post-9062","post","type-post","status-publish","format-standard","hentry","category-info-generales"],"_links":{"self":[{"href":"https:\/\/www.jeanmoulinmarmande.fr\/index.php?rest_route=\/wp\/v2\/posts\/9062","targetHints":{"allow":["GET"]}}],"collection":[{"href":"https:\/\/www.jeanmoulinmarmande.fr\/index.php?rest_route=\/wp\/v2\/posts"}],"about":[{"href":"https:\/\/www.jeanmoulinmarmande.fr\/index.php?rest_route=\/wp\/v2\/types\/post"}],"author":[{"embeddable":true,"href":"https:\/\/www.jeanmoulinmarmande.fr\/index.php?rest_route=\/wp\/v2\/users\/83"}],"replies":[{"embeddable":true,"href":"https:\/\/www.jeanmoulinmarmande.fr\/index.php?rest_route=%2Fwp%2Fv2%2Fcomments&post=9062"}],"version-history":[{"count":1,"href":"https:\/\/www.jeanmoulinmarmande.fr\/index.php?rest_route=\/wp\/v2\/posts\/9062\/revisions"}],"predecessor-version":[{"id":9066,"href":"https:\/\/www.jeanmoulinmarmande.fr\/index.php?rest_route=\/wp\/v2\/posts\/9062\/revisions\/9066"}],"wp:attachment":[{"href":"https:\/\/www.jeanmoulinmarmande.fr\/index.php?rest_route=%2Fwp%2Fv2%2Fmedia&parent=9062"}],"wp:term":[{"taxonomy":"category","embeddable":true,"href":"https:\/\/www.jeanmoulinmarmande.fr\/index.php?rest_route=%2Fwp%2Fv2%2Fcategories&post=9062"},{"taxonomy":"post_tag","embeddable":true,"href":"https:\/\/www.jeanmoulinmarmande.fr\/index.php?rest_route=%2Fwp%2Fv2%2Ftags&post=9062"}],"curies":[{"name":"wp","href":"https:\/\/api.w.org\/{rel}","templated":true}]}}