{"id":8893,"date":"2023-03-08T01:36:44","date_gmt":"2023-03-08T00:36:44","guid":{"rendered":"http:\/\/www.jeanmoulinmarmande.fr\/?p=8893"},"modified":"2023-03-08T01:36:44","modified_gmt":"2023-03-08T00:36:44","slug":"fete-du-court-metrage","status":"publish","type":"post","link":"https:\/\/www.jeanmoulinmarmande.fr\/?p=8893","title":{"rendered":"F\u00eate du court m\u00e9trage"},"content":{"rendered":"<p>La <strong>f\u00eate du court-m\u00e9trage<\/strong> approche et aura lieu le<strong> jeudi 16 et le vendredi 17 mars<\/strong> au CDI.<\/p>\n<p><img loading=\"lazy\" decoding=\"async\" class=\"alignnone size-medium wp-image-8894\" src=\"http:\/\/www.jeanmoulinmarmande.fr\/wp-content\/uploads\/2023\/03\/Affiche-Courts-6eme-212x300.png\" alt=\"\" width=\"212\" height=\"300\" srcset=\"https:\/\/www.jeanmoulinmarmande.fr\/wp-content\/uploads\/2023\/03\/Affiche-Courts-6eme-212x300.png 212w, https:\/\/www.jeanmoulinmarmande.fr\/wp-content\/uploads\/2023\/03\/Affiche-Courts-6eme-724x1024.png 724w, https:\/\/www.jeanmoulinmarmande.fr\/wp-content\/uploads\/2023\/03\/Affiche-Courts-6eme-106x150.png 106w, https:\/\/www.jeanmoulinmarmande.fr\/wp-content\/uploads\/2023\/03\/Affiche-Courts-6eme-768x1087.png 768w, https:\/\/www.jeanmoulinmarmande.fr\/wp-content\/uploads\/2023\/03\/Affiche-Courts-6eme.png 1060w\" sizes=\"auto, (max-width: 212px) 100vw, 212px\" \/> <img loading=\"lazy\" decoding=\"async\" class=\"alignnone size-medium wp-image-8895\" src=\"http:\/\/www.jeanmoulinmarmande.fr\/wp-content\/uploads\/2023\/03\/Affiche-2-Courts-6eme-212x300.png\" alt=\"\" width=\"212\" height=\"300\" srcset=\"https:\/\/www.jeanmoulinmarmande.fr\/wp-content\/uploads\/2023\/03\/Affiche-2-Courts-6eme-212x300.png 212w, https:\/\/www.jeanmoulinmarmande.fr\/wp-content\/uploads\/2023\/03\/Affiche-2-Courts-6eme-724x1024.png 724w, https:\/\/www.jeanmoulinmarmande.fr\/wp-content\/uploads\/2023\/03\/Affiche-2-Courts-6eme-106x150.png 106w, https:\/\/www.jeanmoulinmarmande.fr\/wp-content\/uploads\/2023\/03\/Affiche-2-Courts-6eme-768x1087.png 768w, https:\/\/www.jeanmoulinmarmande.fr\/wp-content\/uploads\/2023\/03\/Affiche-2-Courts-6eme.png 1060w\" sizes=\"auto, (max-width: 212px) 100vw, 212px\" \/> <img loading=\"lazy\" decoding=\"async\" class=\"alignnone size-medium wp-image-8896\" src=\"http:\/\/www.jeanmoulinmarmande.fr\/wp-content\/uploads\/2023\/03\/Courts-4eme-212x300.png\" alt=\"\" width=\"212\" height=\"300\" srcset=\"https:\/\/www.jeanmoulinmarmande.fr\/wp-content\/uploads\/2023\/03\/Courts-4eme-212x300.png 212w, https:\/\/www.jeanmoulinmarmande.fr\/wp-content\/uploads\/2023\/03\/Courts-4eme-724x1024.png 724w, https:\/\/www.jeanmoulinmarmande.fr\/wp-content\/uploads\/2023\/03\/Courts-4eme-106x150.png 106w, https:\/\/www.jeanmoulinmarmande.fr\/wp-content\/uploads\/2023\/03\/Courts-4eme-768x1087.png 768w, https:\/\/www.jeanmoulinmarmande.fr\/wp-content\/uploads\/2023\/03\/Courts-4eme.png 1060w\" sizes=\"auto, (max-width: 212px) 100vw, 212px\" \/><\/p>\n","protected":false},"excerpt":{"rendered":"<p>La f\u00eate du court-m\u00e9trage approche et aura lieu le jeudi 16 et le vendredi 17 mars au CDI.<\/p>\n","protected":false},"author":83,"featured_media":0,"comment_status":"closed","ping_status":"open","sticky":false,"template":"","format":"standard","meta":{"ngg_post_thumbnail":0,"footnotes":""},"categories":[62],"tags":[],"class_list":["post-8893","post","type-post","status-publish","format-standard","hentry","category-info-generales"],"_links":{"self":[{"href":"https:\/\/www.jeanmoulinmarmande.fr\/index.php?rest_route=\/wp\/v2\/posts\/8893","targetHints":{"allow":["GET"]}}],"collection":[{"href":"https:\/\/www.jeanmoulinmarmande.fr\/index.php?rest_route=\/wp\/v2\/posts"}],"about":[{"href":"https:\/\/www.jeanmoulinmarmande.fr\/index.php?rest_route=\/wp\/v2\/types\/post"}],"author":[{"embeddable":true,"href":"https:\/\/www.jeanmoulinmarmande.fr\/index.php?rest_route=\/wp\/v2\/users\/83"}],"replies":[{"embeddable":true,"href":"https:\/\/www.jeanmoulinmarmande.fr\/index.php?rest_route=%2Fwp%2Fv2%2Fcomments&post=8893"}],"version-history":[{"count":1,"href":"https:\/\/www.jeanmoulinmarmande.fr\/index.php?rest_route=\/wp\/v2\/posts\/8893\/revisions"}],"predecessor-version":[{"id":8897,"href":"https:\/\/www.jeanmoulinmarmande.fr\/index.php?rest_route=\/wp\/v2\/posts\/8893\/revisions\/8897"}],"wp:attachment":[{"href":"https:\/\/www.jeanmoulinmarmande.fr\/index.php?rest_route=%2Fwp%2Fv2%2Fmedia&parent=8893"}],"wp:term":[{"taxonomy":"category","embeddable":true,"href":"https:\/\/www.jeanmoulinmarmande.fr\/index.php?rest_route=%2Fwp%2Fv2%2Fcategories&post=8893"},{"taxonomy":"post_tag","embeddable":true,"href":"https:\/\/www.jeanmoulinmarmande.fr\/index.php?rest_route=%2Fwp%2Fv2%2Ftags&post=8893"}],"curies":[{"name":"wp","href":"https:\/\/api.w.org\/{rel}","templated":true}]}}