{"id":8884,"date":"2023-02-14T10:36:22","date_gmt":"2023-02-14T09:36:22","guid":{"rendered":"http:\/\/www.jeanmoulinmarmande.fr\/?p=8884"},"modified":"2023-02-14T10:36:22","modified_gmt":"2023-02-14T09:36:22","slug":"bal-de-promo","status":"publish","type":"post","link":"https:\/\/www.jeanmoulinmarmande.fr\/?p=8884","title":{"rendered":"\u00ab\u00a0Bal de promo\u00a0\u00bb"},"content":{"rendered":"<p>Prom Night 2022 : A special party that you will remember for a long time ! <\/p>\n<p>Le \u201cBal de promo\u201d des 3\u00e8mes s\u2019est d\u00e9roul\u00e9 le 1er juillet 2022.<\/p>\n<p>Cette soir\u00e9e festive est venue clore 4 ann\u00e9es de coll\u00e8ge , avant les r\u00e9sultats du DNB et avant l\u2019aventure du lyc\u00e9e\u2026<\/p>\n<p>Les \u00e9l\u00e8ves ont su se mobiliser activement au cours de l\u2019ann\u00e9e pour la pr\u00e9paration et l\u2019organisation de la soir\u00e9e dont le th\u00e8me \u00e9tait \u00ab\u00a0chic et choc\u00a0\u00bb.<\/p>\n<p>Des \u00e9lections ont mis \u00e0 l\u2019honneur plusieurs \u00e9l\u00e8ves selon diff\u00e9rentes cat\u00e9gories, comme l\u2019\u00e9l\u00e8ve le ou la plus serviable, la ou le plus gaffeur\u2026 certains ont m\u00eame remport\u00e9 plusieurs prix\u2026 Bravo \u00e0 tous!<br \/>\n<img loading=\"lazy\" decoding=\"async\" src=\"http:\/\/www.jeanmoulinmarmande.fr\/wp-content\/uploads\/2023\/02\/PROM-NIGHT-2022-300x216.png\" alt=\"\" width=\"300\" height=\"216\" class=\"alignnone size-medium wp-image-8885\" srcset=\"https:\/\/www.jeanmoulinmarmande.fr\/wp-content\/uploads\/2023\/02\/PROM-NIGHT-2022-300x216.png 300w, https:\/\/www.jeanmoulinmarmande.fr\/wp-content\/uploads\/2023\/02\/PROM-NIGHT-2022-150x108.png 150w, https:\/\/www.jeanmoulinmarmande.fr\/wp-content\/uploads\/2023\/02\/PROM-NIGHT-2022-768x552.png 768w, https:\/\/www.jeanmoulinmarmande.fr\/wp-content\/uploads\/2023\/02\/PROM-NIGHT-2022.png 1012w\" sizes=\"auto, (max-width: 300px) 100vw, 300px\" \/><\/p>\n","protected":false},"excerpt":{"rendered":"<p>Prom Night 2022 : A special party that you will remember for a long time ! Le \u201cBal de promo\u201d des 3\u00e8mes s\u2019est d\u00e9roul\u00e9 le 1er juillet 2022. Cette soir\u00e9e festive est venue clore 4 ann\u00e9es de coll\u00e8ge , avant les r\u00e9sultats du DNB et avant l\u2019aventure du lyc\u00e9e\u2026 Les \u00e9l\u00e8ves ont su se mobiliser &hellip; <a href=\"https:\/\/www.jeanmoulinmarmande.fr\/?p=8884\" class=\"more-link\">Continuer la lecture de <span class=\"screen-reader-text\">\u00ab\u00a0Bal de promo\u00a0\u00bb<\/span>  <span class=\"meta-nav\">&rarr;<\/span><\/a><\/p>\n","protected":false},"author":83,"featured_media":0,"comment_status":"closed","ping_status":"open","sticky":false,"template":"","format":"standard","meta":{"ngg_post_thumbnail":0,"footnotes":""},"categories":[62],"tags":[],"class_list":["post-8884","post","type-post","status-publish","format-standard","hentry","category-info-generales"],"_links":{"self":[{"href":"https:\/\/www.jeanmoulinmarmande.fr\/index.php?rest_route=\/wp\/v2\/posts\/8884","targetHints":{"allow":["GET"]}}],"collection":[{"href":"https:\/\/www.jeanmoulinmarmande.fr\/index.php?rest_route=\/wp\/v2\/posts"}],"about":[{"href":"https:\/\/www.jeanmoulinmarmande.fr\/index.php?rest_route=\/wp\/v2\/types\/post"}],"author":[{"embeddable":true,"href":"https:\/\/www.jeanmoulinmarmande.fr\/index.php?rest_route=\/wp\/v2\/users\/83"}],"replies":[{"embeddable":true,"href":"https:\/\/www.jeanmoulinmarmande.fr\/index.php?rest_route=%2Fwp%2Fv2%2Fcomments&post=8884"}],"version-history":[{"count":1,"href":"https:\/\/www.jeanmoulinmarmande.fr\/index.php?rest_route=\/wp\/v2\/posts\/8884\/revisions"}],"predecessor-version":[{"id":8886,"href":"https:\/\/www.jeanmoulinmarmande.fr\/index.php?rest_route=\/wp\/v2\/posts\/8884\/revisions\/8886"}],"wp:attachment":[{"href":"https:\/\/www.jeanmoulinmarmande.fr\/index.php?rest_route=%2Fwp%2Fv2%2Fmedia&parent=8884"}],"wp:term":[{"taxonomy":"category","embeddable":true,"href":"https:\/\/www.jeanmoulinmarmande.fr\/index.php?rest_route=%2Fwp%2Fv2%2Fcategories&post=8884"},{"taxonomy":"post_tag","embeddable":true,"href":"https:\/\/www.jeanmoulinmarmande.fr\/index.php?rest_route=%2Fwp%2Fv2%2Ftags&post=8884"}],"curies":[{"name":"wp","href":"https:\/\/api.w.org\/{rel}","templated":true}]}}