{"id":8881,"date":"2023-02-14T10:31:18","date_gmt":"2023-02-14T09:31:18","guid":{"rendered":"http:\/\/www.jeanmoulinmarmande.fr\/?p=8881"},"modified":"2023-02-14T10:31:18","modified_gmt":"2023-02-14T09:31:18","slug":"60-ans-du-traite-de-lelysee","status":"publish","type":"post","link":"https:\/\/www.jeanmoulinmarmande.fr\/?p=8881","title":{"rendered":"60 ans du trait\u00e9 de l&rsquo;Elys\u00e9e"},"content":{"rendered":"<p>A l&rsquo;occasion des soixante ans du Trait\u00e9 de l&rsquo;Elys\u00e9e, les \u00e9l\u00e8ves de troisi\u00e8me avec leur professeur d&rsquo;allemand Slike M\u00fcller, ont r\u00e9alis\u00e9 une affiche.<a href=\"https:\/\/www.jeanmoulinmarmande.fr\/wp-content\/uploads\/2023\/02\/elysee.pdf\" class=\"pdfemb-viewer\" style=\"\" data-width=\"max\" data-height=\"max\" data-toolbar=\"bottom\" data-toolbar-fixed=\"on\">elysee<\/a> <\/p>\n","protected":false},"excerpt":{"rendered":"<p>A l&rsquo;occasion des soixante ans du Trait\u00e9 de l&rsquo;Elys\u00e9e, les \u00e9l\u00e8ves de troisi\u00e8me avec leur professeur d&rsquo;allemand Slike M\u00fcller, ont r\u00e9alis\u00e9 une affiche.<\/p>\n","protected":false},"author":83,"featured_media":0,"comment_status":"closed","ping_status":"open","sticky":false,"template":"","format":"standard","meta":{"ngg_post_thumbnail":0,"footnotes":""},"categories":[62],"tags":[],"class_list":["post-8881","post","type-post","status-publish","format-standard","hentry","category-info-generales"],"_links":{"self":[{"href":"https:\/\/www.jeanmoulinmarmande.fr\/index.php?rest_route=\/wp\/v2\/posts\/8881","targetHints":{"allow":["GET"]}}],"collection":[{"href":"https:\/\/www.jeanmoulinmarmande.fr\/index.php?rest_route=\/wp\/v2\/posts"}],"about":[{"href":"https:\/\/www.jeanmoulinmarmande.fr\/index.php?rest_route=\/wp\/v2\/types\/post"}],"author":[{"embeddable":true,"href":"https:\/\/www.jeanmoulinmarmande.fr\/index.php?rest_route=\/wp\/v2\/users\/83"}],"replies":[{"embeddable":true,"href":"https:\/\/www.jeanmoulinmarmande.fr\/index.php?rest_route=%2Fwp%2Fv2%2Fcomments&post=8881"}],"version-history":[{"count":1,"href":"https:\/\/www.jeanmoulinmarmande.fr\/index.php?rest_route=\/wp\/v2\/posts\/8881\/revisions"}],"predecessor-version":[{"id":8883,"href":"https:\/\/www.jeanmoulinmarmande.fr\/index.php?rest_route=\/wp\/v2\/posts\/8881\/revisions\/8883"}],"wp:attachment":[{"href":"https:\/\/www.jeanmoulinmarmande.fr\/index.php?rest_route=%2Fwp%2Fv2%2Fmedia&parent=8881"}],"wp:term":[{"taxonomy":"category","embeddable":true,"href":"https:\/\/www.jeanmoulinmarmande.fr\/index.php?rest_route=%2Fwp%2Fv2%2Fcategories&post=8881"},{"taxonomy":"post_tag","embeddable":true,"href":"https:\/\/www.jeanmoulinmarmande.fr\/index.php?rest_route=%2Fwp%2Fv2%2Ftags&post=8881"}],"curies":[{"name":"wp","href":"https:\/\/api.w.org\/{rel}","templated":true}]}}