{"id":8860,"date":"2022-08-26T12:19:49","date_gmt":"2022-08-26T10:19:49","guid":{"rendered":"http:\/\/www.jeanmoulinmarmande.fr\/?p=8860"},"modified":"2022-08-26T12:19:49","modified_gmt":"2022-08-26T10:19:49","slug":"rentree-des-classes-septembre-2022","status":"publish","type":"post","link":"https:\/\/www.jeanmoulinmarmande.fr\/?p=8860","title":{"rendered":"Rentr\u00e9e des classes septembre 2022"},"content":{"rendered":"\r\n<p>La rentr\u00e9e aura lieu :<br>&#8211; Pour les 6\u00e8mes : jeudi 01 septembre \u00e0 08h00<br>&#8211; Pour les 5\u00e8mes, 4\u00e8mes, 3\u00e8mes : vendredi 02 septembre \u00e0 08h00.<br>Les 6\u00e8mes n&rsquo;auront pas cours le 02 septembre 2022.<br>L&rsquo;ensemble des \u00e9l\u00e8ves seront attendus le lundi 05 septembre 2022 selon l&#8217;emploi du temps qui leur aura \u00e9t\u00e9 remis.<\/p>\r\n","protected":false},"excerpt":{"rendered":"<p>La rentr\u00e9e aura lieu :&#8211; Pour les 6\u00e8mes : jeudi 01 septembre \u00e0 08h00&#8211; Pour les 5\u00e8mes, 4\u00e8mes, 3\u00e8mes : vendredi 02 septembre \u00e0 08h00.Les 6\u00e8mes n&rsquo;auront pas cours le 02 septembre 2022.L&rsquo;ensemble des \u00e9l\u00e8ves seront attendus le lundi 05 septembre 2022 selon l&#8217;emploi du temps qui leur aura \u00e9t\u00e9 remis.<\/p>\n","protected":false},"author":83,"featured_media":0,"comment_status":"closed","ping_status":"open","sticky":false,"template":"","format":"standard","meta":{"ngg_post_thumbnail":0,"footnotes":""},"categories":[62],"tags":[],"class_list":["post-8860","post","type-post","status-publish","format-standard","hentry","category-info-generales"],"_links":{"self":[{"href":"https:\/\/www.jeanmoulinmarmande.fr\/index.php?rest_route=\/wp\/v2\/posts\/8860","targetHints":{"allow":["GET"]}}],"collection":[{"href":"https:\/\/www.jeanmoulinmarmande.fr\/index.php?rest_route=\/wp\/v2\/posts"}],"about":[{"href":"https:\/\/www.jeanmoulinmarmande.fr\/index.php?rest_route=\/wp\/v2\/types\/post"}],"author":[{"embeddable":true,"href":"https:\/\/www.jeanmoulinmarmande.fr\/index.php?rest_route=\/wp\/v2\/users\/83"}],"replies":[{"embeddable":true,"href":"https:\/\/www.jeanmoulinmarmande.fr\/index.php?rest_route=%2Fwp%2Fv2%2Fcomments&post=8860"}],"version-history":[{"count":3,"href":"https:\/\/www.jeanmoulinmarmande.fr\/index.php?rest_route=\/wp\/v2\/posts\/8860\/revisions"}],"predecessor-version":[{"id":8864,"href":"https:\/\/www.jeanmoulinmarmande.fr\/index.php?rest_route=\/wp\/v2\/posts\/8860\/revisions\/8864"}],"wp:attachment":[{"href":"https:\/\/www.jeanmoulinmarmande.fr\/index.php?rest_route=%2Fwp%2Fv2%2Fmedia&parent=8860"}],"wp:term":[{"taxonomy":"category","embeddable":true,"href":"https:\/\/www.jeanmoulinmarmande.fr\/index.php?rest_route=%2Fwp%2Fv2%2Fcategories&post=8860"},{"taxonomy":"post_tag","embeddable":true,"href":"https:\/\/www.jeanmoulinmarmande.fr\/index.php?rest_route=%2Fwp%2Fv2%2Ftags&post=8860"}],"curies":[{"name":"wp","href":"https:\/\/api.w.org\/{rel}","templated":true}]}}