{"id":8798,"date":"2021-11-17T12:35:49","date_gmt":"2021-11-17T11:35:49","guid":{"rendered":"http:\/\/www.jeanmoulinmarmande.fr\/?p=8798"},"modified":"2021-11-17T12:35:49","modified_gmt":"2021-11-17T11:35:49","slug":"journee-de-lutte-contre-le-harcelement","status":"publish","type":"post","link":"https:\/\/www.jeanmoulinmarmande.fr\/?p=8798","title":{"rendered":"JOURNEE DE LUTTE CONTRE LE HARCELEMENT"},"content":{"rendered":"<p>Bonjour \u00e0 toutes et \u00e0 tous,<\/p>\n<p>Dans le cadre des Promeneurs du Net, je vous informe que demain aura lieu la Journ\u00e9e de Lutte contre le Harc\u00e8lement.<\/p>\n<p>A cet effet, un live Instagram aura lieu :<\/p>\n<p>Le jeudi 18 novembre \u00e0 17h30 sur le compte Instagram de l&rsquo;@acbordeaux<\/p>\n<p>Le live sera d\u00e9di\u00e9 au cyberharc\u00e8lement.<\/p>\n<p>Vous pouvez d\u00e8s \u00e0 pr\u00e9sent envoyer vos questions en DM, en commentaire ou en story.<\/p>\n<p>Ce live est \u00e0 destination des El\u00e8ves, Parents, Enseignant.e.s et toutes personnes ayant envie d&rsquo;en apprendra davantage sur le sujet.<\/p>\n<p>Si vous avez des questions et\/ou besoin de renseignements, n&rsquo;h\u00e9sitez pas \u00e0 me joindre via mes r\u00e9seaux sociaux :<\/p>\n<p>Instagram : laetitia.pdn<br \/>\nFacebook : laetitiaeducationnationale<br \/>\nSnap : promeneuse47200<\/p>\n<p>Cordialement,&nbsp;<\/p>\n<p>L. Sartini<\/p>\n<p>Assistante sociale Coll\u00e8ge J . Moulin et Promeneuse du Net<\/p>\n<p>.<a href=\"https:\/\/www.jeanmoulinmarmande.fr\/wp-content\/uploads\/2021\/11\/18-novembre-2021-lutte-contre-le-harcelement1.pdf\" class=\"pdfemb-viewer\" style=\"\" data-width=\"max\" data-height=\"max\" data-toolbar=\"bottom\" data-toolbar-fixed=\"on\">18 novembre 2021 lutte contre le harc\u00e8lement1<\/a><\/p>\n","protected":false},"excerpt":{"rendered":"<p>Bonjour \u00e0 toutes et \u00e0 tous, Dans le cadre des Promeneurs du Net, je vous informe que demain aura lieu la Journ\u00e9e de Lutte contre le Harc\u00e8lement. A cet effet, un live Instagram aura lieu : Le jeudi 18 novembre \u00e0 17h30 sur le compte Instagram de l&rsquo;@acbordeaux Le live sera d\u00e9di\u00e9 au cyberharc\u00e8lement. Vous &hellip; <a href=\"https:\/\/www.jeanmoulinmarmande.fr\/?p=8798\" class=\"more-link\">Continuer la lecture de <span class=\"screen-reader-text\">JOURNEE DE LUTTE CONTRE LE HARCELEMENT<\/span>  <span class=\"meta-nav\">&rarr;<\/span><\/a><\/p>\n","protected":false},"author":83,"featured_media":0,"comment_status":"closed","ping_status":"open","sticky":false,"template":"","format":"standard","meta":{"ngg_post_thumbnail":0,"footnotes":""},"categories":[62],"tags":[],"class_list":["post-8798","post","type-post","status-publish","format-standard","hentry","category-info-generales"],"_links":{"self":[{"href":"https:\/\/www.jeanmoulinmarmande.fr\/index.php?rest_route=\/wp\/v2\/posts\/8798","targetHints":{"allow":["GET"]}}],"collection":[{"href":"https:\/\/www.jeanmoulinmarmande.fr\/index.php?rest_route=\/wp\/v2\/posts"}],"about":[{"href":"https:\/\/www.jeanmoulinmarmande.fr\/index.php?rest_route=\/wp\/v2\/types\/post"}],"author":[{"embeddable":true,"href":"https:\/\/www.jeanmoulinmarmande.fr\/index.php?rest_route=\/wp\/v2\/users\/83"}],"replies":[{"embeddable":true,"href":"https:\/\/www.jeanmoulinmarmande.fr\/index.php?rest_route=%2Fwp%2Fv2%2Fcomments&post=8798"}],"version-history":[{"count":1,"href":"https:\/\/www.jeanmoulinmarmande.fr\/index.php?rest_route=\/wp\/v2\/posts\/8798\/revisions"}],"predecessor-version":[{"id":8800,"href":"https:\/\/www.jeanmoulinmarmande.fr\/index.php?rest_route=\/wp\/v2\/posts\/8798\/revisions\/8800"}],"wp:attachment":[{"href":"https:\/\/www.jeanmoulinmarmande.fr\/index.php?rest_route=%2Fwp%2Fv2%2Fmedia&parent=8798"}],"wp:term":[{"taxonomy":"category","embeddable":true,"href":"https:\/\/www.jeanmoulinmarmande.fr\/index.php?rest_route=%2Fwp%2Fv2%2Fcategories&post=8798"},{"taxonomy":"post_tag","embeddable":true,"href":"https:\/\/www.jeanmoulinmarmande.fr\/index.php?rest_route=%2Fwp%2Fv2%2Ftags&post=8798"}],"curies":[{"name":"wp","href":"https:\/\/api.w.org\/{rel}","templated":true}]}}