{"id":8787,"date":"2021-10-18T07:12:23","date_gmt":"2021-10-18T05:12:23","guid":{"rendered":"http:\/\/www.jeanmoulinmarmande.fr\/?p=8787"},"modified":"2021-10-18T12:42:55","modified_gmt":"2021-10-18T10:42:55","slug":"une-experience-originale-avec-latelier-scicentifique","status":"publish","type":"post","link":"https:\/\/www.jeanmoulinmarmande.fr\/?p=8787","title":{"rendered":"Que l&rsquo;aventure commence!"},"content":{"rendered":"<p>22 \u00e9l\u00e8ves de l&rsquo;atelier scientifique participent cette ann\u00e9e \u00e0 #El\u00e8veTonBlob , exp\u00e9rience \u00e9ducative de la mission Alpha (de Thomas Pesquet, astronaute de l&rsquo;ESA) propos\u00e9e par le CNES en partenariat avec le CNRS et avec le soutien de l&rsquo;acad\u00e9mie de Toulouse. 4500 classes partout en France du CE2 \u00e0 la Terminale vont r\u00e9aliser les protocoles exp\u00e9rimentaux pour \u00e9tudier le comportement du blob dans certaines conditions. Les r\u00e9sultats obtenus apr\u00e8s traitement par les \u00e9l\u00e8ves seront envoy\u00e9s au CNRS et compar\u00e9s \u00e0 ceux obtenus dans l&rsquo;ISS.<br \/>\nAu coll\u00e8ge le groupe d&rsquo;apprentis scientifiques se r\u00e9unit une heure par semaine et ne manquera pas de vous tenir au courant de leurs recherches&#8230;<\/p>\n<p><img loading=\"lazy\" decoding=\"async\" class=\"wp-image-8788 alignnone\" src=\"http:\/\/www.jeanmoulinmarmande.fr\/wp-content\/uploads\/2021\/10\/affiche-blob-300x225.jpg\" alt=\"\" width=\"505\" height=\"379\" srcset=\"https:\/\/www.jeanmoulinmarmande.fr\/wp-content\/uploads\/2021\/10\/affiche-blob-300x225.jpg 300w, https:\/\/www.jeanmoulinmarmande.fr\/wp-content\/uploads\/2021\/10\/affiche-blob-1024x768.jpg 1024w, https:\/\/www.jeanmoulinmarmande.fr\/wp-content\/uploads\/2021\/10\/affiche-blob-150x112.jpg 150w, https:\/\/www.jeanmoulinmarmande.fr\/wp-content\/uploads\/2021\/10\/affiche-blob-768x576.jpg 768w, https:\/\/www.jeanmoulinmarmande.fr\/wp-content\/uploads\/2021\/10\/affiche-blob-1536x1152.jpg 1536w, https:\/\/www.jeanmoulinmarmande.fr\/wp-content\/uploads\/2021\/10\/affiche-blob.jpg 1707w\" sizes=\"auto, (max-width: 505px) 100vw, 505px\" \/><\/p>\n","protected":false},"excerpt":{"rendered":"<p>22 \u00e9l\u00e8ves de l&rsquo;atelier scientifique participent cette ann\u00e9e \u00e0 #El\u00e8veTonBlob , exp\u00e9rience \u00e9ducative de la mission Alpha (de Thomas Pesquet, astronaute de l&rsquo;ESA) propos\u00e9e par le CNES en partenariat avec le CNRS et avec le soutien de l&rsquo;acad\u00e9mie de Toulouse. 4500 classes partout en France du CE2 \u00e0 la Terminale vont r\u00e9aliser les protocoles exp\u00e9rimentaux &hellip; <a href=\"https:\/\/www.jeanmoulinmarmande.fr\/?p=8787\" class=\"more-link\">Continuer la lecture de <span class=\"screen-reader-text\">Que l&rsquo;aventure commence!<\/span>  <span class=\"meta-nav\">&rarr;<\/span><\/a><\/p>\n","protected":false},"author":83,"featured_media":0,"comment_status":"closed","ping_status":"open","sticky":false,"template":"","format":"standard","meta":{"ngg_post_thumbnail":0,"footnotes":""},"categories":[62],"tags":[],"class_list":["post-8787","post","type-post","status-publish","format-standard","hentry","category-info-generales"],"_links":{"self":[{"href":"https:\/\/www.jeanmoulinmarmande.fr\/index.php?rest_route=\/wp\/v2\/posts\/8787","targetHints":{"allow":["GET"]}}],"collection":[{"href":"https:\/\/www.jeanmoulinmarmande.fr\/index.php?rest_route=\/wp\/v2\/posts"}],"about":[{"href":"https:\/\/www.jeanmoulinmarmande.fr\/index.php?rest_route=\/wp\/v2\/types\/post"}],"author":[{"embeddable":true,"href":"https:\/\/www.jeanmoulinmarmande.fr\/index.php?rest_route=\/wp\/v2\/users\/83"}],"replies":[{"embeddable":true,"href":"https:\/\/www.jeanmoulinmarmande.fr\/index.php?rest_route=%2Fwp%2Fv2%2Fcomments&post=8787"}],"version-history":[{"count":5,"href":"https:\/\/www.jeanmoulinmarmande.fr\/index.php?rest_route=\/wp\/v2\/posts\/8787\/revisions"}],"predecessor-version":[{"id":8794,"href":"https:\/\/www.jeanmoulinmarmande.fr\/index.php?rest_route=\/wp\/v2\/posts\/8787\/revisions\/8794"}],"wp:attachment":[{"href":"https:\/\/www.jeanmoulinmarmande.fr\/index.php?rest_route=%2Fwp%2Fv2%2Fmedia&parent=8787"}],"wp:term":[{"taxonomy":"category","embeddable":true,"href":"https:\/\/www.jeanmoulinmarmande.fr\/index.php?rest_route=%2Fwp%2Fv2%2Fcategories&post=8787"},{"taxonomy":"post_tag","embeddable":true,"href":"https:\/\/www.jeanmoulinmarmande.fr\/index.php?rest_route=%2Fwp%2Fv2%2Ftags&post=8787"}],"curies":[{"name":"wp","href":"https:\/\/api.w.org\/{rel}","templated":true}]}}