{"id":8699,"date":"2021-06-24T12:57:08","date_gmt":"2021-06-24T10:57:08","guid":{"rendered":"http:\/\/www.jeanmoulinmarmande.fr\/?p=8699"},"modified":"2021-06-24T12:57:08","modified_gmt":"2021-06-24T10:57:08","slug":"latelier-theatre","status":"publish","type":"post","link":"https:\/\/www.jeanmoulinmarmande.fr\/?p=8699","title":{"rendered":"L\u2019atelier th\u00e9\u00e2tre"},"content":{"rendered":"ngg_shortcode_0_placeholder\n<p align=\"JUSTIFY\"><span style=\"color: #3b3838;\"><span style=\"font-size: large;\">L\u2019atelier th\u00e9\u00e2tre \u00e9tait compos\u00e9 cette ann\u00e9e de 16 \u00e9l\u00e8ves. Ils ont travaill\u00e9 tout au long de l\u2019ann\u00e9e sur un texte de Mike Kenny, <\/span><\/span><span style=\"color: #3b3838;\"><span style=\"font-size: large;\"><i>L\u2019Enfant \u00e0 la valise<\/i><\/span><\/span><span style=\"color: #3b3838;\"><span style=\"font-size: large;\">, sous la direction du metteur en sc\u00e8ne professionnel Luc Cognet, directeur artistique de la <\/span><\/span><a href=\"http:\/\/www.compagnie-promethee.fr\/\"><span style=\"font-size: large;\">Compagnie Prom\u00e9th\u00e9e<\/span><\/a><span style=\"color: #3b3838;\"><span style=\"font-size: large;\"> qui les a accompagn\u00e9s dans une d\u00e9marche de cr\u00e9ation.<\/span><\/span><\/p>\n<p align=\"JUSTIFY\"><span style=\"color: #3b3838;\"> <span style=\"font-size: large;\">En raison des conditions sanitaires, l\u2019atelier a d\u00fb se produire en salle de conf\u00e9rence, avec une jauge restreinte de 60 personnes : <\/span><\/span><\/p>\n<ul>\n<li>\n<p align=\"JUSTIFY\"><span style=\"color: #2b2b2b;\"><span style=\"font-size: large;\">les lundi 07 et mardi 08 juin matin, devant les quatre classes de 6\u00b0 qui participaient \u00e0 Th\u00e9\u00e2tre dans ta classe,<\/span><\/span><\/p>\n<\/li>\n<li>\n<p align=\"JUSTIFY\"><span style=\"color: #2b2b2b;\"><span style=\"font-size: large;\">lors de la soir\u00e9e &nbsp;du 07 juin, devant les familles,<\/span><\/span><\/p>\n<\/li>\n<li>\n<p align=\"JUSTIFY\"><span style=\"color: #2b2b2b;\"><span style=\"font-size: large;\">jeudi 10 juin, \u00e0 13h devant des camarades du coll\u00e8ge et des enseignants. <\/span><\/span><\/p>\n<\/li>\n<\/ul>\n<p align=\"JUSTIFY\"><span style=\"font-size: large;\">Ils ont \u00e9t\u00e9 film\u00e9s par un vid\u00e9aste professionnel pour pouvoir \u00e0 participer virtuellement \u00e0 la journ\u00e9e de rencontres th\u00e9\u00e2trales organis\u00e9e pour <\/span><span style=\"font-size: large;\"><i>le Printemps des Arts et de la Sc\u00e8ne. <\/i><\/span><\/p>\n<p align=\"JUSTIFY\"><span style=\"font-size: large;\">C\u2019est dans ce cadre qu\u2019ils ont \u00e9galement particip\u00e9 \u00e0 un atelier de danse th\u00e9\u00e2tre anim\u00e9 par les danseurs professionnels Chlo\u00e9 Hernandez et Orin Camus de la <a href=\"http:\/\/www.compagnie-yma.com\/\">compagnie YMA<\/a>, qui ont d\u2019abord dans\u00e9 quatre formes courtes&nbsp;: R\u00e9veillon, Song Song, Boys don\u2019t cry, Fabrique, que vous pouvez voir <a href=\"http:\/\/www.compagnie-yma.com\/vid%c3%a9os.html\">ici<\/a>.<\/span><\/p>\n<p align=\"JUSTIFY\"><span style=\"font-size: large;\">Malgr\u00e9 la co-vid 19, cette ann\u00e9e a donc \u00e9t\u00e9 tr\u00e8s riche&nbsp;! <\/span><\/p>\n","protected":false},"excerpt":{"rendered":"<p>L\u2019atelier th\u00e9\u00e2tre \u00e9tait compos\u00e9 cette ann\u00e9e de 16 \u00e9l\u00e8ves. Ils ont travaill\u00e9 tout au long de l\u2019ann\u00e9e sur un texte de Mike Kenny, L\u2019Enfant \u00e0 la valise, sous la direction du metteur en sc\u00e8ne professionnel Luc Cognet, directeur artistique de la Compagnie Prom\u00e9th\u00e9e qui les a accompagn\u00e9s dans une d\u00e9marche de cr\u00e9ation. En raison des &hellip; <a href=\"https:\/\/www.jeanmoulinmarmande.fr\/?p=8699\" class=\"more-link\">Continuer la lecture de <span class=\"screen-reader-text\">L\u2019atelier th\u00e9\u00e2tre<\/span>  <span class=\"meta-nav\">&rarr;<\/span><\/a><\/p>\n","protected":false},"author":84,"featured_media":0,"comment_status":"closed","ping_status":"open","sticky":false,"template":"","format":"standard","meta":{"ngg_post_thumbnail":0,"footnotes":""},"categories":[13],"tags":[],"class_list":["post-8699","post","type-post","status-publish","format-standard","hentry","category-pedagogie"],"_links":{"self":[{"href":"https:\/\/www.jeanmoulinmarmande.fr\/index.php?rest_route=\/wp\/v2\/posts\/8699","targetHints":{"allow":["GET"]}}],"collection":[{"href":"https:\/\/www.jeanmoulinmarmande.fr\/index.php?rest_route=\/wp\/v2\/posts"}],"about":[{"href":"https:\/\/www.jeanmoulinmarmande.fr\/index.php?rest_route=\/wp\/v2\/types\/post"}],"author":[{"embeddable":true,"href":"https:\/\/www.jeanmoulinmarmande.fr\/index.php?rest_route=\/wp\/v2\/users\/84"}],"replies":[{"embeddable":true,"href":"https:\/\/www.jeanmoulinmarmande.fr\/index.php?rest_route=%2Fwp%2Fv2%2Fcomments&post=8699"}],"version-history":[{"count":2,"href":"https:\/\/www.jeanmoulinmarmande.fr\/index.php?rest_route=\/wp\/v2\/posts\/8699\/revisions"}],"predecessor-version":[{"id":8719,"href":"https:\/\/www.jeanmoulinmarmande.fr\/index.php?rest_route=\/wp\/v2\/posts\/8699\/revisions\/8719"}],"wp:attachment":[{"href":"https:\/\/www.jeanmoulinmarmande.fr\/index.php?rest_route=%2Fwp%2Fv2%2Fmedia&parent=8699"}],"wp:term":[{"taxonomy":"category","embeddable":true,"href":"https:\/\/www.jeanmoulinmarmande.fr\/index.php?rest_route=%2Fwp%2Fv2%2Fcategories&post=8699"},{"taxonomy":"post_tag","embeddable":true,"href":"https:\/\/www.jeanmoulinmarmande.fr\/index.php?rest_route=%2Fwp%2Fv2%2Ftags&post=8699"}],"curies":[{"name":"wp","href":"https:\/\/api.w.org\/{rel}","templated":true}]}}