{"id":8697,"date":"2021-06-24T08:24:26","date_gmt":"2021-06-24T06:24:26","guid":{"rendered":"http:\/\/www.jeanmoulinmarmande.fr\/?p=8697"},"modified":"2021-06-24T08:24:26","modified_gmt":"2021-06-24T06:24:26","slug":"10-juin-cafe-litteraire-en-plein-air","status":"publish","type":"post","link":"https:\/\/www.jeanmoulinmarmande.fr\/?p=8697","title":{"rendered":"10 juin : caf\u00e9 litt\u00e9raire en plein air"},"content":{"rendered":"ngg_shortcode_0_placeholder\n<p align=\"JUSTIFY\"><span style=\"font-family: Times New Roman, serif;\"><span style=\"font-size: medium;\">Dans le cadre d\u2019un projet \u00ab&nbsp;Jeunes en librairie&nbsp;\u00bb, les \u00e9l\u00e8ves de 5\u00b02 ont pu se rendre \u00e0 la librairie partenaire \u00ab&nbsp;Le Gang de la clef \u00e0 molette&nbsp;\u00bb afin de d\u00e9couvrir le lieu et d\u2019y retrouver le libraire, Xavier Delhert, qu\u2019ils avaient d\u00e9j\u00e0 rencontr\u00e9 au coll\u00e8ge.<\/span><\/span><\/p>\n<p align=\"JUSTIFY\"><span style=\"font-family: Times New Roman, serif;\"><span style=\"font-size: medium;\">Apr\u00e8s un moment de visite de la librairie et d\u2019\u00e9change avec le libraire, chaque \u00e9l\u00e8ve a pu choisir un ou plusieurs livres pour sa propre biblioth\u00e8que.<\/span><\/span><\/p>\n<p align=\"JUSTIFY\"><span style=\"font-family: Times New Roman, serif;\"><span style=\"font-size: medium;\">La journ\u00e9e s\u2019est poursuivie par un pique-nique au parc de La Fihole et une s\u00e9ance de fran\u00e7ais en plein air o\u00f9 chacun a pr\u00e9sent\u00e9 \u00e0 la classe les livres qu\u2019il a achet\u00e9s et indiqu\u00e9 les raisons de son choix.<\/span><\/span><\/p>\n<p align=\"JUSTIFY\"><span style=\"font-family: Times New Roman, serif;\"><span style=\"font-size: medium;\">Rendez-vous jeudi 24 juin pour le dernier Caf\u00e9 litt\u00e9raire de l\u2019ann\u00e9e, au cdi, en pr\u00e9sence du libraire, pour le dernier compte-rendu de lecture de l\u2019ann\u00e9e autour de l\u2019un des livres achet\u00e9s ce jour.<\/span><\/span><\/p>\n","protected":false},"excerpt":{"rendered":"<p>Dans le cadre d\u2019un projet \u00ab&nbsp;Jeunes en librairie&nbsp;\u00bb, les \u00e9l\u00e8ves de 5\u00b02 ont pu se rendre \u00e0 la librairie partenaire \u00ab&nbsp;Le Gang de la clef \u00e0 molette&nbsp;\u00bb afin de d\u00e9couvrir le lieu et d\u2019y retrouver le libraire, Xavier Delhert, qu\u2019ils avaient d\u00e9j\u00e0 rencontr\u00e9 au coll\u00e8ge. Apr\u00e8s un moment de visite de la librairie et d\u2019\u00e9change &hellip; <a href=\"https:\/\/www.jeanmoulinmarmande.fr\/?p=8697\" class=\"more-link\">Continuer la lecture de <span class=\"screen-reader-text\">10 juin : caf\u00e9 litt\u00e9raire en plein air<\/span>  <span class=\"meta-nav\">&rarr;<\/span><\/a><\/p>\n","protected":false},"author":84,"featured_media":0,"comment_status":"closed","ping_status":"open","sticky":false,"template":"","format":"standard","meta":{"ngg_post_thumbnail":0,"footnotes":""},"categories":[13],"tags":[],"class_list":["post-8697","post","type-post","status-publish","format-standard","hentry","category-pedagogie"],"_links":{"self":[{"href":"https:\/\/www.jeanmoulinmarmande.fr\/index.php?rest_route=\/wp\/v2\/posts\/8697","targetHints":{"allow":["GET"]}}],"collection":[{"href":"https:\/\/www.jeanmoulinmarmande.fr\/index.php?rest_route=\/wp\/v2\/posts"}],"about":[{"href":"https:\/\/www.jeanmoulinmarmande.fr\/index.php?rest_route=\/wp\/v2\/types\/post"}],"author":[{"embeddable":true,"href":"https:\/\/www.jeanmoulinmarmande.fr\/index.php?rest_route=\/wp\/v2\/users\/84"}],"replies":[{"embeddable":true,"href":"https:\/\/www.jeanmoulinmarmande.fr\/index.php?rest_route=%2Fwp%2Fv2%2Fcomments&post=8697"}],"version-history":[{"count":1,"href":"https:\/\/www.jeanmoulinmarmande.fr\/index.php?rest_route=\/wp\/v2\/posts\/8697\/revisions"}],"predecessor-version":[{"id":8698,"href":"https:\/\/www.jeanmoulinmarmande.fr\/index.php?rest_route=\/wp\/v2\/posts\/8697\/revisions\/8698"}],"wp:attachment":[{"href":"https:\/\/www.jeanmoulinmarmande.fr\/index.php?rest_route=%2Fwp%2Fv2%2Fmedia&parent=8697"}],"wp:term":[{"taxonomy":"category","embeddable":true,"href":"https:\/\/www.jeanmoulinmarmande.fr\/index.php?rest_route=%2Fwp%2Fv2%2Fcategories&post=8697"},{"taxonomy":"post_tag","embeddable":true,"href":"https:\/\/www.jeanmoulinmarmande.fr\/index.php?rest_route=%2Fwp%2Fv2%2Ftags&post=8697"}],"curies":[{"name":"wp","href":"https:\/\/api.w.org\/{rel}","templated":true}]}}