{"id":8632,"date":"2021-06-11T15:50:00","date_gmt":"2021-06-11T13:50:00","guid":{"rendered":"http:\/\/www.jeanmoulinmarmande.fr\/?p=8632"},"modified":"2021-06-11T15:50:00","modified_gmt":"2021-06-11T13:50:00","slug":"du-theatre-a-jean-moulin","status":"publish","type":"post","link":"https:\/\/www.jeanmoulinmarmande.fr\/?p=8632","title":{"rendered":"Du th\u00e9\u00e2tre \u00e0 Jean Moulin"},"content":{"rendered":"ngg_shortcode_0_placeholder\n<p align=\"JUSTIFY\"><span style=\"font-family: Times New Roman, serif;\"><span style=\"font-size: medium;\">Lundi 07 et mardi 08 juin, quatre classes de 6\u00b0 ont pu participer \u00e0 une journ\u00e9e de d\u00e9couverte et d\u2019initiation au th\u00e9\u00e2tre aupr\u00e8s de Luc Cognet, metteur en sc\u00e8ne et directeur de la Compagnie Prom\u00e9th\u00e9e.<\/span><\/span><\/p>\n<p align=\"JUSTIFY\"><span style=\"font-family: Times New Roman, serif;\"><span style=\"font-size: medium;\">Le matin, les \u00e9l\u00e8ves ont assist\u00e9 \u00e0 la repr\u00e9sentation du <\/span><\/span><span style=\"font-family: Times New Roman, serif;\"><span style=\"font-size: medium;\"><i>Gar\u00e7on \u00e0 la valise<\/i><\/span><\/span><span style=\"font-family: Times New Roman, serif;\"><span style=\"font-size: medium;\"> de Mike Kenny, pi\u00e8ce cr\u00e9\u00e9e cette ann\u00e9e par les \u00e9l\u00e8ves de l\u2019Atelier th\u00e9\u00e2tre, suivie par un \u00e9change avec les jeunes com\u00e9diens et Luc Cognet.<\/span><\/span><\/p>\n<p align=\"JUSTIFY\"><span style=\"font-family: Times New Roman, serif;\"><span style=\"font-size: medium;\">L\u2019apr\u00e8s-midi, deux classes ont pu s\u2019essayer \u00e0 quelques exercices de pratique th\u00e9\u00e2trale.<\/span><\/span><\/p>\n","protected":false},"excerpt":{"rendered":"<p>Lundi 07 et mardi 08 juin, quatre classes de 6\u00b0 ont pu participer \u00e0 une journ\u00e9e de d\u00e9couverte et d\u2019initiation au th\u00e9\u00e2tre aupr\u00e8s de Luc Cognet, metteur en sc\u00e8ne et directeur de la Compagnie Prom\u00e9th\u00e9e. Le matin, les \u00e9l\u00e8ves ont assist\u00e9 \u00e0 la repr\u00e9sentation du Gar\u00e7on \u00e0 la valise de Mike Kenny, pi\u00e8ce cr\u00e9\u00e9e cette &hellip; <a href=\"https:\/\/www.jeanmoulinmarmande.fr\/?p=8632\" class=\"more-link\">Continuer la lecture de <span class=\"screen-reader-text\">Du th\u00e9\u00e2tre \u00e0 Jean Moulin<\/span>  <span class=\"meta-nav\">&rarr;<\/span><\/a><\/p>\n","protected":false},"author":84,"featured_media":0,"comment_status":"closed","ping_status":"open","sticky":false,"template":"","format":"standard","meta":{"ngg_post_thumbnail":0,"footnotes":""},"categories":[62],"tags":[],"class_list":["post-8632","post","type-post","status-publish","format-standard","hentry","category-info-generales"],"_links":{"self":[{"href":"https:\/\/www.jeanmoulinmarmande.fr\/index.php?rest_route=\/wp\/v2\/posts\/8632","targetHints":{"allow":["GET"]}}],"collection":[{"href":"https:\/\/www.jeanmoulinmarmande.fr\/index.php?rest_route=\/wp\/v2\/posts"}],"about":[{"href":"https:\/\/www.jeanmoulinmarmande.fr\/index.php?rest_route=\/wp\/v2\/types\/post"}],"author":[{"embeddable":true,"href":"https:\/\/www.jeanmoulinmarmande.fr\/index.php?rest_route=\/wp\/v2\/users\/84"}],"replies":[{"embeddable":true,"href":"https:\/\/www.jeanmoulinmarmande.fr\/index.php?rest_route=%2Fwp%2Fv2%2Fcomments&post=8632"}],"version-history":[{"count":1,"href":"https:\/\/www.jeanmoulinmarmande.fr\/index.php?rest_route=\/wp\/v2\/posts\/8632\/revisions"}],"predecessor-version":[{"id":8633,"href":"https:\/\/www.jeanmoulinmarmande.fr\/index.php?rest_route=\/wp\/v2\/posts\/8632\/revisions\/8633"}],"wp:attachment":[{"href":"https:\/\/www.jeanmoulinmarmande.fr\/index.php?rest_route=%2Fwp%2Fv2%2Fmedia&parent=8632"}],"wp:term":[{"taxonomy":"category","embeddable":true,"href":"https:\/\/www.jeanmoulinmarmande.fr\/index.php?rest_route=%2Fwp%2Fv2%2Fcategories&post=8632"},{"taxonomy":"post_tag","embeddable":true,"href":"https:\/\/www.jeanmoulinmarmande.fr\/index.php?rest_route=%2Fwp%2Fv2%2Ftags&post=8632"}],"curies":[{"name":"wp","href":"https:\/\/api.w.org\/{rel}","templated":true}]}}