{"id":8575,"date":"2021-05-21T13:20:25","date_gmt":"2021-05-21T11:20:25","guid":{"rendered":"http:\/\/www.jeanmoulinmarmande.fr\/?p=8575"},"modified":"2021-05-21T19:20:20","modified_gmt":"2021-05-21T17:20:20","slug":"regis-lejonc-au-college","status":"publish","type":"post","link":"https:\/\/www.jeanmoulinmarmande.fr\/?p=8575","title":{"rendered":"R\u00e9gis Lejonc au coll\u00e8ge"},"content":{"rendered":"<p>ngg_shortcode_0_placeholderC\u2019est avec bonheur, enthousiasme et impatience que les \u00e9l\u00e8ves de 6\u00b02 ont accueilli l\u2019auteur-illustrateur R\u00e9gis Lejonc, venu pour une deuxi\u00e8me rencontre au coll\u00e8ge, mardi 18 mai.<br \/>\nApr\u00e8s quelque temps pass\u00e9 \u00e0 travailler autour de son \u0153uvre et un nouveau confinement qui a amen\u00e9 chaque \u00e9l\u00e8ve \u00e0 \u00e9crire son propre journal d\u2019un(e) confin\u00e9(e), la classe a pu \u00e9changer avec R\u00e9gis Lejonc sur de nombreux sujets : son travail, ses images, son parcours, son rapport \u00e0 la lecture, \u00e0 l\u2019art, au dessin.<br \/>\nDans un deuxi\u00e8me temps, chaque \u00e9l\u00e8ve a pu participer \u00e0 un atelier de pratique artistique et exp\u00e9rimenter une technique d\u2019illustration en b\u00e9n\u00e9ficiant des conseils et encouragements de l\u2019artiste.<br \/>\nUne exposition des travaux des \u00e9l\u00e8ves en lien avec l\u2019\u0153uvre de R\u00e9gis Lejonc sera bient\u00f4t mise en place par les \u00e9l\u00e8ves de la classe au CDI.<\/p>\n<p>&nbsp;<\/p>\n<p>Quelques mots d\u2019\u00e9l\u00e8ves&nbsp;<\/p>\n<p><em>J\u2019ai ressenti de la joie car j\u2019attendais ce moment avec impatience depuis notre derni\u00e8re rencontre. J\u2019ai aim\u00e9 le voir physiquement. Il a pris le temps de r\u00e9pondre aux questions avec joie et non pas comme s\u2019il se for\u00e7ait.<\/em><br \/>\n<em>On a pu dessiner ce que l\u2019on voulait \u00e0 partir de r\u00e8gles qu\u2019il nous a donn\u00e9es.<\/em><br \/>\n<em>J\u2019ai retenu qu\u2019il aime le dessin depuis tout petit, qu\u2019il faisait des tableaux avec de la poussi\u00e8re, de la peinture qu\u2019on utilise pour les maisons&#8230; et une fois la peinture et la poussi\u00e8re pos\u00e9es sur le tableau, il faisait les dessins avec ses mains.<\/em><br \/>\n<em>T.<\/em><\/p>\n<p><em>J\u2019ai \u00e9t\u00e9 tr\u00e8s heureuse parce que j\u2019adore toutes les illustrations de R\u00e9gis Lejonc. Quand je lis et regarde ses images, elles expriment un sentiment toujours diff\u00e9rent. J\u2019ai ador\u00e9 l\u2019\u00e9couter raconter son histoire, nous dire comment il a d\u00e9but\u00e9 et a \u00e9t\u00e9 encourag\u00e9 par ceux qui ont achet\u00e9 ses tableaux. J\u2019ai beaucoup aim\u00e9 quand nous avons d\u00e9calqu\u00e9 : il nous a donn\u00e9 plein d\u2019astuces. Il nous a donn\u00e9 envie de continuer \u00e0 dessiner et \u00e0 nous am\u00e9liorer.<\/em><br \/>\n<em>E.<\/em><\/p>\n<p><em>J\u2019ai retenu que l\u2019on n\u2019est pas tout le temps oblig\u00e9 de dessiner avec la m\u00eame technique ou de la m\u00eame fa\u00e7on. Je me suis amus\u00e9 \u00e0 d\u00e9calquer un faux Will Smith, un \u00e9l\u00e9phant, une fleur, un serpent et des lunettes de Minion. J\u2019aimerais bien le rencontrer une troisi\u00e8me fois.<\/em><br \/>\n<em>N.<\/em><\/p>\n<p><em>J\u2019ai \u00e9prouv\u00e9 de la joie parce que j\u2019aime dessiner, mais je n\u2019y arrive pas. R\u00e9gis Lejonc m\u2019a encourag\u00e9.<\/em><br \/>\n<em>N.<\/em><br \/>\n<em>J\u2019ai beaucoup aim\u00e9 cette rencontre parce qu\u2019on a pass\u00e9 du temps avec R\u00e9gis Lejonc et parce qu\u2019on a d\u00e9calqu\u00e9 : pour une fois, j\u2019ai trouv\u00e9 que j\u2019avais bien dessin\u00e9. Je me souviens d\u2019un moment o\u00f9 il m\u2019a dit : \u00ab C\u2019est dingue ! M\u00eame si on d\u00e9calque les m\u00eames choses, on a tous un trait diff\u00e9rent ! \u00bb Mais, j\u2019ai \u00e9t\u00e9 un peu \u00e9nerv\u00e9e aussi parce que je n\u2019ai pas pu lui poser mes questions alors que j\u2019en avais envie.<\/em><br \/>\n<em>O.<\/em><\/p>\n<p><em>J\u2019ai aim\u00e9 le moment o\u00f9 on a dessin\u00e9 parce que c\u2019\u00e9tait calme et on devait se concentrer. J\u2019ai aim\u00e9 qu\u2019il m\u2019ait aid\u00e9 et donn\u00e9 des conseils.<\/em><br \/>\n<em>R.<\/em><\/p>\n<p><em>J\u2019ai retenu qu\u2019il n\u2019avait pas encore trouv\u00e9 sa mani\u00e8re de dessiner car il essaie toujours diff\u00e9rentes techniques.<\/em><br \/>\n<em>M.<\/em><\/p>\n<p><em>J\u2019ai ressenti de la joie car pouvoir discuter avec un illustrateur c\u2019est tr\u00e8s rare.<\/em><br \/>\n<em>J\u2019ai aim\u00e9 quand il nous a expliqu\u00e9 qu\u2019il n\u2019avait pas pu mettre un dessin dans Le Petit Chaperon Rouge.<\/em><br \/>\n<em>Je me rappelle qu\u2019il a expliqu\u00e9 pourquoi il avait chang\u00e9 des images dans La Mer et lui, surtout le bateau qu\u2019il a ajout\u00e9 sur une image, au loin, pour qu\u2019il n\u2019y ait plus de nostalgie.<\/em><br \/>\n<em>M.<\/em><\/p>\n<p><em>J\u2019ai \u00e9t\u00e9 \u00e9tonn\u00e9e d\u2019apprendre que sa famille ne l\u2019a pas soutenu quand il a voulu \u00eatre illustrateur. Il m\u2019a appris qu\u2019il ne faut jamais renoncer \u00e0 ses r\u00eaves.<\/em><br \/>\n<em>J.<\/em><\/p>\n","protected":false},"excerpt":{"rendered":"<p>C\u2019est avec bonheur, enthousiasme et impatience que les \u00e9l\u00e8ves de 6\u00b02 ont accueilli l\u2019auteur-illustrateur R\u00e9gis Lejonc, venu pour une deuxi\u00e8me rencontre au coll\u00e8ge, mardi 18 mai. Apr\u00e8s quelque temps pass\u00e9 \u00e0 travailler autour de son \u0153uvre et un nouveau confinement qui a amen\u00e9 chaque \u00e9l\u00e8ve \u00e0 \u00e9crire son propre journal d\u2019un(e) confin\u00e9(e), la classe a &hellip; <a href=\"https:\/\/www.jeanmoulinmarmande.fr\/?p=8575\" class=\"more-link\">Continuer la lecture de <span class=\"screen-reader-text\">R\u00e9gis Lejonc au coll\u00e8ge<\/span>  <span class=\"meta-nav\">&rarr;<\/span><\/a><\/p>\n","protected":false},"author":84,"featured_media":0,"comment_status":"closed","ping_status":"open","sticky":false,"template":"","format":"standard","meta":{"ngg_post_thumbnail":0,"footnotes":""},"categories":[13],"tags":[],"class_list":["post-8575","post","type-post","status-publish","format-standard","hentry","category-pedagogie"],"_links":{"self":[{"href":"https:\/\/www.jeanmoulinmarmande.fr\/index.php?rest_route=\/wp\/v2\/posts\/8575","targetHints":{"allow":["GET"]}}],"collection":[{"href":"https:\/\/www.jeanmoulinmarmande.fr\/index.php?rest_route=\/wp\/v2\/posts"}],"about":[{"href":"https:\/\/www.jeanmoulinmarmande.fr\/index.php?rest_route=\/wp\/v2\/types\/post"}],"author":[{"embeddable":true,"href":"https:\/\/www.jeanmoulinmarmande.fr\/index.php?rest_route=\/wp\/v2\/users\/84"}],"replies":[{"embeddable":true,"href":"https:\/\/www.jeanmoulinmarmande.fr\/index.php?rest_route=%2Fwp%2Fv2%2Fcomments&post=8575"}],"version-history":[{"count":2,"href":"https:\/\/www.jeanmoulinmarmande.fr\/index.php?rest_route=\/wp\/v2\/posts\/8575\/revisions"}],"predecessor-version":[{"id":8601,"href":"https:\/\/www.jeanmoulinmarmande.fr\/index.php?rest_route=\/wp\/v2\/posts\/8575\/revisions\/8601"}],"wp:attachment":[{"href":"https:\/\/www.jeanmoulinmarmande.fr\/index.php?rest_route=%2Fwp%2Fv2%2Fmedia&parent=8575"}],"wp:term":[{"taxonomy":"category","embeddable":true,"href":"https:\/\/www.jeanmoulinmarmande.fr\/index.php?rest_route=%2Fwp%2Fv2%2Fcategories&post=8575"},{"taxonomy":"post_tag","embeddable":true,"href":"https:\/\/www.jeanmoulinmarmande.fr\/index.php?rest_route=%2Fwp%2Fv2%2Ftags&post=8575"}],"curies":[{"name":"wp","href":"https:\/\/api.w.org\/{rel}","templated":true}]}}