{"id":8483,"date":"2021-02-04T15:25:26","date_gmt":"2021-02-04T14:25:26","guid":{"rendered":"http:\/\/www.jeanmoulinmarmande.fr\/?p=8483"},"modified":"2021-02-04T15:27:37","modified_gmt":"2021-02-04T14:27:37","slug":"du-theatre-au-college","status":"publish","type":"post","link":"https:\/\/www.jeanmoulinmarmande.fr\/?p=8483","title":{"rendered":"Du th\u00e9\u00e2tre au coll\u00e8ge"},"content":{"rendered":"<div class=\"gmail_default\">La compagnie Thomas Visonneau en r\u00e9sidence \u00e0 Marmande s&rsquo;est d\u00e9plac\u00e9e au coll\u00e8ge Jean Moulin pour jouer&nbsp;<i>Claude Gueux<\/i>, une adaptation de l&rsquo;\u0153uvre de Victor Hugo.&nbsp;<span id=\"OBJ_PREFIX_DWT328_com_zimbra_date\" class=\"Object\">Mardi<\/span>&nbsp;et&nbsp;<span id=\"OBJ_PREFIX_DWT329_com_zimbra_date\" class=\"Object\">mercredi<\/span>&nbsp;matin, les classes de troisi\u00e8me accompagn\u00e9es par leurs professeures de fran\u00e7ais ont assist\u00e9 au spectacle en salle de conf\u00e9rence ; certaines classes ont pu ensuite b\u00e9n\u00e9ficier d&rsquo;un atelier de pratique th\u00e9\u00e2trale avec le metteur en sc\u00e8ne.&nbsp;<\/div>\n<div>&nbsp;<\/div>\n<div class=\"gmail_default\">Voici le lien vers le site de la compagnie&nbsp; :&nbsp;<span id=\"OBJ_PREFIX_DWT330_com_zimbra_url\" class=\"Object\"><a href=\"https:\/\/compagnie-thomas-visonneau.com\/spectacles\/repertoire\/claude-gueux.html\" target=\"_blank\" rel=\"noopener\">CLAUDE GUEUX<\/a><\/span>&nbsp;et quelques photos du spectacle puis de l&rsquo;atelier o\u00f9 vous verrez des \u00e9l\u00e8ves mis \u00e0 contribution par le com\u00e9dien lors du spectacle.<\/div>\n<div class=\"gmail_default\">&nbsp;<\/div>\n<div>ngg_shortcode_0_placeholder<\/div>\n","protected":false},"excerpt":{"rendered":"<p>La compagnie Thomas Visonneau en r\u00e9sidence \u00e0 Marmande s&rsquo;est d\u00e9plac\u00e9e au coll\u00e8ge Jean Moulin pour jouer&nbsp;Claude Gueux, une adaptation de l&rsquo;\u0153uvre de Victor Hugo.&nbsp;Mardi&nbsp;et&nbsp;mercredi&nbsp;matin, les classes de troisi\u00e8me accompagn\u00e9es par leurs professeures de fran\u00e7ais ont assist\u00e9 au spectacle en salle de conf\u00e9rence ; certaines classes ont pu ensuite b\u00e9n\u00e9ficier d&rsquo;un atelier de pratique th\u00e9\u00e2trale avec &hellip; <a href=\"https:\/\/www.jeanmoulinmarmande.fr\/?p=8483\" class=\"more-link\">Continuer la lecture de <span class=\"screen-reader-text\">Du th\u00e9\u00e2tre au coll\u00e8ge<\/span>  <span class=\"meta-nav\">&rarr;<\/span><\/a><\/p>\n","protected":false},"author":84,"featured_media":0,"comment_status":"closed","ping_status":"open","sticky":false,"template":"","format":"standard","meta":{"ngg_post_thumbnail":0,"footnotes":""},"categories":[13],"tags":[],"class_list":["post-8483","post","type-post","status-publish","format-standard","hentry","category-pedagogie"],"_links":{"self":[{"href":"https:\/\/www.jeanmoulinmarmande.fr\/index.php?rest_route=\/wp\/v2\/posts\/8483","targetHints":{"allow":["GET"]}}],"collection":[{"href":"https:\/\/www.jeanmoulinmarmande.fr\/index.php?rest_route=\/wp\/v2\/posts"}],"about":[{"href":"https:\/\/www.jeanmoulinmarmande.fr\/index.php?rest_route=\/wp\/v2\/types\/post"}],"author":[{"embeddable":true,"href":"https:\/\/www.jeanmoulinmarmande.fr\/index.php?rest_route=\/wp\/v2\/users\/84"}],"replies":[{"embeddable":true,"href":"https:\/\/www.jeanmoulinmarmande.fr\/index.php?rest_route=%2Fwp%2Fv2%2Fcomments&post=8483"}],"version-history":[{"count":2,"href":"https:\/\/www.jeanmoulinmarmande.fr\/index.php?rest_route=\/wp\/v2\/posts\/8483\/revisions"}],"predecessor-version":[{"id":8488,"href":"https:\/\/www.jeanmoulinmarmande.fr\/index.php?rest_route=\/wp\/v2\/posts\/8483\/revisions\/8488"}],"wp:attachment":[{"href":"https:\/\/www.jeanmoulinmarmande.fr\/index.php?rest_route=%2Fwp%2Fv2%2Fmedia&parent=8483"}],"wp:term":[{"taxonomy":"category","embeddable":true,"href":"https:\/\/www.jeanmoulinmarmande.fr\/index.php?rest_route=%2Fwp%2Fv2%2Fcategories&post=8483"},{"taxonomy":"post_tag","embeddable":true,"href":"https:\/\/www.jeanmoulinmarmande.fr\/index.php?rest_route=%2Fwp%2Fv2%2Ftags&post=8483"}],"curies":[{"name":"wp","href":"https:\/\/api.w.org\/{rel}","templated":true}]}}