{"id":8310,"date":"2020-09-26T14:00:20","date_gmt":"2020-09-26T12:00:20","guid":{"rendered":"http:\/\/www.jeanmoulinmarmande.fr\/?p=8310"},"modified":"2020-09-26T14:00:20","modified_gmt":"2020-09-26T12:00:20","slug":"on-a-rencontre-regis-lejonc","status":"publish","type":"post","link":"https:\/\/www.jeanmoulinmarmande.fr\/?p=8310","title":{"rendered":"On a rencontr\u00e9 R\u00e9gis Lejonc."},"content":{"rendered":"<p>Six classes du coll\u00e8ge ont rencontr\u00e9 l\u2019auteur illustrateur R\u00e9gis Lejonc, venu \u00e9changer avec les \u00e9l\u00e8ves autour de sa derni\u00e8re cr\u00e9ation, Comme \u00e0 la maison, journal graphique d\u2019un illustrateur confin\u00e9.<\/p>\n<p>Des \u00e9l\u00e8ves de 6\u00b0, 5\u00b0 et 4\u00b0 ont pu verbaliser et partager leur exp\u00e9rience de ces derniers mois, \u00e0 partir des images propos\u00e9es par l\u2019artiste et participer ainsi \u00e0 une rencontre riche et g\u00e9n\u00e9reuse.<\/p>\nngg_shortcode_0_placeholder\n","protected":false},"excerpt":{"rendered":"<p>Six classes du coll\u00e8ge ont rencontr\u00e9 l\u2019auteur illustrateur R\u00e9gis Lejonc, venu \u00e9changer avec les \u00e9l\u00e8ves autour de sa derni\u00e8re cr\u00e9ation, Comme \u00e0 la maison, journal graphique d\u2019un illustrateur confin\u00e9. Des \u00e9l\u00e8ves de 6\u00b0, 5\u00b0 et 4\u00b0 ont pu verbaliser et partager leur exp\u00e9rience de ces derniers mois, \u00e0 partir des images propos\u00e9es par l\u2019artiste et &hellip; <a href=\"https:\/\/www.jeanmoulinmarmande.fr\/?p=8310\" class=\"more-link\">Continuer la lecture de <span class=\"screen-reader-text\">On a rencontr\u00e9 R\u00e9gis Lejonc.<\/span>  <span class=\"meta-nav\">&rarr;<\/span><\/a><\/p>\n","protected":false},"author":84,"featured_media":0,"comment_status":"closed","ping_status":"open","sticky":false,"template":"","format":"standard","meta":{"ngg_post_thumbnail":0,"footnotes":""},"categories":[13],"tags":[],"class_list":["post-8310","post","type-post","status-publish","format-standard","hentry","category-pedagogie"],"_links":{"self":[{"href":"https:\/\/www.jeanmoulinmarmande.fr\/index.php?rest_route=\/wp\/v2\/posts\/8310","targetHints":{"allow":["GET"]}}],"collection":[{"href":"https:\/\/www.jeanmoulinmarmande.fr\/index.php?rest_route=\/wp\/v2\/posts"}],"about":[{"href":"https:\/\/www.jeanmoulinmarmande.fr\/index.php?rest_route=\/wp\/v2\/types\/post"}],"author":[{"embeddable":true,"href":"https:\/\/www.jeanmoulinmarmande.fr\/index.php?rest_route=\/wp\/v2\/users\/84"}],"replies":[{"embeddable":true,"href":"https:\/\/www.jeanmoulinmarmande.fr\/index.php?rest_route=%2Fwp%2Fv2%2Fcomments&post=8310"}],"version-history":[{"count":2,"href":"https:\/\/www.jeanmoulinmarmande.fr\/index.php?rest_route=\/wp\/v2\/posts\/8310\/revisions"}],"predecessor-version":[{"id":8319,"href":"https:\/\/www.jeanmoulinmarmande.fr\/index.php?rest_route=\/wp\/v2\/posts\/8310\/revisions\/8319"}],"wp:attachment":[{"href":"https:\/\/www.jeanmoulinmarmande.fr\/index.php?rest_route=%2Fwp%2Fv2%2Fmedia&parent=8310"}],"wp:term":[{"taxonomy":"category","embeddable":true,"href":"https:\/\/www.jeanmoulinmarmande.fr\/index.php?rest_route=%2Fwp%2Fv2%2Fcategories&post=8310"},{"taxonomy":"post_tag","embeddable":true,"href":"https:\/\/www.jeanmoulinmarmande.fr\/index.php?rest_route=%2Fwp%2Fv2%2Ftags&post=8310"}],"curies":[{"name":"wp","href":"https:\/\/api.w.org\/{rel}","templated":true}]}}