{"id":8297,"date":"2020-09-29T17:02:16","date_gmt":"2020-09-29T15:02:16","guid":{"rendered":"http:\/\/www.jeanmoulinmarmande.fr\/?p=8297"},"modified":"2020-09-29T17:10:44","modified_gmt":"2020-09-29T15:10:44","slug":"elections-des-representants-de-parents-deleves-au-conseil-dadministration","status":"publish","type":"post","link":"https:\/\/www.jeanmoulinmarmande.fr\/?p=8297","title":{"rendered":"Elections des repr\u00e9sentants de parents d&rsquo;\u00e9l\u00e8ves au Conseil d&rsquo;Administration"},"content":{"rendered":"<p>Pour visionner le diaporama pr\u00e9sentant ces \u00e9lections, <a href=\"http:\/\/www.jeanmoulinmarmande.fr\/wp-content\/uploads\/2020\/09\/INFO-ELECTIONS4.pptx\">cliquez ici.<\/a><\/p>\n<a href=\"https:\/\/www.jeanmoulinmarmande.fr\/wp-content\/uploads\/2020\/09\/elections-CA.pdf\" class=\"pdfemb-viewer\" style=\"\" data-width=\"max\" data-height=\"max\" data-toolbar=\"bottom\" data-toolbar-fixed=\"on\">\u00e9lections CA<\/a>\n","protected":false},"excerpt":{"rendered":"<p>Pour visionner le diaporama pr\u00e9sentant ces \u00e9lections, cliquez ici.<\/p>\n","protected":false},"author":84,"featured_media":0,"comment_status":"closed","ping_status":"open","sticky":false,"template":"","format":"standard","meta":{"ngg_post_thumbnail":0,"footnotes":""},"categories":[62],"tags":[],"class_list":["post-8297","post","type-post","status-publish","format-standard","hentry","category-info-generales"],"_links":{"self":[{"href":"https:\/\/www.jeanmoulinmarmande.fr\/index.php?rest_route=\/wp\/v2\/posts\/8297","targetHints":{"allow":["GET"]}}],"collection":[{"href":"https:\/\/www.jeanmoulinmarmande.fr\/index.php?rest_route=\/wp\/v2\/posts"}],"about":[{"href":"https:\/\/www.jeanmoulinmarmande.fr\/index.php?rest_route=\/wp\/v2\/types\/post"}],"author":[{"embeddable":true,"href":"https:\/\/www.jeanmoulinmarmande.fr\/index.php?rest_route=\/wp\/v2\/users\/84"}],"replies":[{"embeddable":true,"href":"https:\/\/www.jeanmoulinmarmande.fr\/index.php?rest_route=%2Fwp%2Fv2%2Fcomments&post=8297"}],"version-history":[{"count":4,"href":"https:\/\/www.jeanmoulinmarmande.fr\/index.php?rest_route=\/wp\/v2\/posts\/8297\/revisions"}],"predecessor-version":[{"id":8330,"href":"https:\/\/www.jeanmoulinmarmande.fr\/index.php?rest_route=\/wp\/v2\/posts\/8297\/revisions\/8330"}],"wp:attachment":[{"href":"https:\/\/www.jeanmoulinmarmande.fr\/index.php?rest_route=%2Fwp%2Fv2%2Fmedia&parent=8297"}],"wp:term":[{"taxonomy":"category","embeddable":true,"href":"https:\/\/www.jeanmoulinmarmande.fr\/index.php?rest_route=%2Fwp%2Fv2%2Fcategories&post=8297"},{"taxonomy":"post_tag","embeddable":true,"href":"https:\/\/www.jeanmoulinmarmande.fr\/index.php?rest_route=%2Fwp%2Fv2%2Ftags&post=8297"}],"curies":[{"name":"wp","href":"https:\/\/api.w.org\/{rel}","templated":true}]}}