{"id":8073,"date":"2020-05-28T20:14:01","date_gmt":"2020-05-28T18:14:01","guid":{"rendered":"http:\/\/www.jeanmoulinmarmande.fr\/?p=8073"},"modified":"2020-05-28T20:28:58","modified_gmt":"2020-05-28T18:28:58","slug":"demande-de-fonds-social","status":"publish","type":"post","link":"https:\/\/www.jeanmoulinmarmande.fr\/?p=8073","title":{"rendered":"Demande de fonds social"},"content":{"rendered":"<p>Les parents qui se trouvent face \u00e0 des difficult\u00e9s pour payer leurs<br \/>\ndettes de cantine peuvent remplir un dossier de demande de fonds social <span style=\"color: #ff0000;\"><strong>avant le 10 juin<\/strong><\/span>.<\/p>\n<p>Le dossier papier peut \u00eatre retir\u00e9 \u00e0 la loge de 8h\u00e0 12h30 et de 13h \u00e0<br \/>\n17h les lundi, mardi, jeudi, vendredi. ou t\u00e9l\u00e9charg\u00e9 en <a href=\"http:\/\/www.jeanmoulinmarmande.fr\/wp-content\/uploads\/2020\/05\/dosdemfdsoc.doc\">cliquant ICI (version.doc modifiable)<\/a><\/p>\n<p>ou <a href=\"http:\/\/www.jeanmoulinmarmande.fr\/wp-content\/uploads\/2020\/05\/dosfdsoc.pdf\">en cliquant ICI pour la version imprimable en PDF<\/a><\/p>\n<p>Il sera remis accompagn\u00e9 des justificatifs dans la boite aux lettres du<br \/>\ncoll\u00e8ge.<\/p>\n<p>Mme Sartini, assistante sociale pourra \u00eatre jointe par t\u00e9l\u00e9phone le<br \/>\nmatin uniquement ou bien par mail :&nbsp;<a href=\"mailto:laetitia.sartini@ac-bordeaux.fr\" target=\"_blank\" rel=\"noopener noreferrer\">laetitia.sartini@ac-bordeaux.f<wbr>r<\/a> en dehors de ces horaires.<\/p>\n<p>Le coll\u00e8ge Jean Moulin<\/p>\n","protected":false},"excerpt":{"rendered":"<p>Les parents qui se trouvent face \u00e0 des difficult\u00e9s pour payer leurs dettes de cantine peuvent remplir un dossier de demande de fonds social avant le 10 juin. Le dossier papier peut \u00eatre retir\u00e9 \u00e0 la loge de 8h\u00e0 12h30 et de 13h \u00e0 17h les lundi, mardi, jeudi, vendredi. ou t\u00e9l\u00e9charg\u00e9 en cliquant ICI &hellip; <a href=\"https:\/\/www.jeanmoulinmarmande.fr\/?p=8073\" class=\"more-link\">Continuer la lecture de <span class=\"screen-reader-text\">Demande de fonds social<\/span>  <span class=\"meta-nav\">&rarr;<\/span><\/a><\/p>\n","protected":false},"author":3,"featured_media":0,"comment_status":"closed","ping_status":"open","sticky":false,"template":"","format":"standard","meta":{"ngg_post_thumbnail":0,"footnotes":""},"categories":[62],"tags":[],"class_list":["post-8073","post","type-post","status-publish","format-standard","hentry","category-info-generales"],"_links":{"self":[{"href":"https:\/\/www.jeanmoulinmarmande.fr\/index.php?rest_route=\/wp\/v2\/posts\/8073","targetHints":{"allow":["GET"]}}],"collection":[{"href":"https:\/\/www.jeanmoulinmarmande.fr\/index.php?rest_route=\/wp\/v2\/posts"}],"about":[{"href":"https:\/\/www.jeanmoulinmarmande.fr\/index.php?rest_route=\/wp\/v2\/types\/post"}],"author":[{"embeddable":true,"href":"https:\/\/www.jeanmoulinmarmande.fr\/index.php?rest_route=\/wp\/v2\/users\/3"}],"replies":[{"embeddable":true,"href":"https:\/\/www.jeanmoulinmarmande.fr\/index.php?rest_route=%2Fwp%2Fv2%2Fcomments&post=8073"}],"version-history":[{"count":9,"href":"https:\/\/www.jeanmoulinmarmande.fr\/index.php?rest_route=\/wp\/v2\/posts\/8073\/revisions"}],"predecessor-version":[{"id":8089,"href":"https:\/\/www.jeanmoulinmarmande.fr\/index.php?rest_route=\/wp\/v2\/posts\/8073\/revisions\/8089"}],"wp:attachment":[{"href":"https:\/\/www.jeanmoulinmarmande.fr\/index.php?rest_route=%2Fwp%2Fv2%2Fmedia&parent=8073"}],"wp:term":[{"taxonomy":"category","embeddable":true,"href":"https:\/\/www.jeanmoulinmarmande.fr\/index.php?rest_route=%2Fwp%2Fv2%2Fcategories&post=8073"},{"taxonomy":"post_tag","embeddable":true,"href":"https:\/\/www.jeanmoulinmarmande.fr\/index.php?rest_route=%2Fwp%2Fv2%2Ftags&post=8073"}],"curies":[{"name":"wp","href":"https:\/\/api.w.org\/{rel}","templated":true}]}}