{"id":8029,"date":"2020-03-13T11:16:56","date_gmt":"2020-03-13T10:16:56","guid":{"rendered":"http:\/\/www.jeanmoulinmarmande.fr\/?p=8029"},"modified":"2020-03-13T11:16:56","modified_gmt":"2020-03-13T10:16:56","slug":"covid-19","status":"publish","type":"post","link":"https:\/\/www.jeanmoulinmarmande.fr\/?p=8029","title":{"rendered":"COVID-19"},"content":{"rendered":"<p>INFORMATIONS GENERALES<\/p>\n<p>Conform\u00e9ment aux directives pr\u00e9sidentielles, le coll\u00e8ge sera ferm\u00e9 \u00e0 partir de lundi 16 mars.<\/p>\n<p>Des permanences t\u00e9l\u00e9phoniques et par mail seront assur\u00e9es selon les horaires suivants&nbsp;:<\/p>\n<p>Lun-mar-jeu-vend de 8h \u00e0 17h et merc de 8h \u00e0 12h<\/p>\n<p>Le site du coll\u00e8ge sera r\u00e9guli\u00e8rement mis \u00e0 jour, n\u2019h\u00e9sitez pas \u00e0 le consulter fr\u00e9quemment.<\/p>\n<p>Liens utiles&nbsp;: &nbsp; <a href=\"https:\/\/www.gouvernement.fr\/info-coronavirus\">https:\/\/www.gouvernement.fr\/info-coronavirus<\/a><\/p>\n<p>&nbsp;&nbsp;&nbsp;&nbsp;&nbsp;&nbsp;&nbsp;&nbsp;&nbsp;&nbsp;&nbsp;&nbsp;&nbsp;&nbsp;&nbsp;&nbsp;&nbsp;&nbsp;&nbsp;&nbsp;&nbsp; <a href=\"http:\/\/www.ac-bordeaux.fr\/cid149794\/informations-relatives-au-covid-19.html\">http:\/\/www.ac-bordeaux.fr\/cid149794\/informations-relatives-au-covid-19.html<\/a><\/p>\n<p>SCOLARITE DE VOTRE ENFANT<\/p>\n<p>Les stages et mini-stages en entreprise (classes de 3<sup>e<\/sup> et de Segpa) sont annul\u00e9s ou report\u00e9s \u00e0 une date ult\u00e9rieure.<\/p>\n<p>Les rencontres et Rendez-vous pr\u00e9vus \u00e0 partir de lundi 16 mars sont report\u00e9s \u00e0 une date ult\u00e9rieure.<\/p>\n<p>Votre enfant pourra continuer de suivre son enseignement \u00e0 distance en passant par l\u2019application Pronote (voir tutoriel ci-joint), <u>qui sera prioritairement utilis\u00e9e<\/u>.<\/p>\n<p><img loading=\"lazy\" decoding=\"async\" width=\"100\" height=\"86\" class=\"alignnone  wp-image-8031\" alt=\"\" src=\"http:\/\/www.jeanmoulinmarmande.fr\/wp-content\/uploads\/2020\/03\/securite.png\" srcset=\"https:\/\/www.jeanmoulinmarmande.fr\/wp-content\/uploads\/2020\/03\/securite.png 242w, https:\/\/www.jeanmoulinmarmande.fr\/wp-content\/uploads\/2020\/03\/securite-150x130.png 150w\" sizes=\"auto, (max-width: 100px) 100vw, 100px\" \/>Pour les \u00e9l\u00e8ves et familles <u>n\u2019ayant pas de codes Pronote <\/u>ou <u>dont le compte n\u2019a pas \u00e9t\u00e9 activ\u00e9<\/u>, un \u00e9tat des lieux a \u00e9t\u00e9 fait&nbsp;: vos enfants ont re\u00e7u leurs codes; vous pourrez \u00e9galement les r\u00e9cup\u00e9rer&nbsp; \u00e0 compter de lundi 16 mars 14h \u00e0 la loge d\u2019accueil du coll\u00e8ge. Si vous \u00eates concern\u00e9, merci de vous signaler par t\u00e9l\u00e9phone au coll\u00e8ge Lundi 16 mars de 8h \u00e0 10h.<\/p>\n<p>&nbsp; Pour les familles ne disposant pas d\u2019\u00e9quipement informatique ou de connexion internet, un corpus de documents de travail donn\u00e9s par les enseignants sera mis \u00e0 disposition des familles le mardi et le jeudi chaque semaine. Si vous \u00eates concern\u00e9, merci de vous signaler par t\u00e9l\u00e9phone au coll\u00e8ge d\u00e8s lundi 16 mars.<\/p>\n<p>&nbsp;Restauration scolaire&nbsp;: En raison de la fermeture du coll\u00e8ge Jean Moulin, les repas durant toute cette p\u00e9riode de fermeture ne seront pas factur\u00e9s aux parents.<\/p>\n<p>La r\u00e9duction sera automatiquement imput\u00e9e sur la facture du 3\u00b0 trimestre. Vous n&rsquo;avez aucune d\u00e9marche \u00e0 effectuer.<\/p>\n<p>L&rsquo;\u00e9quipe des agents du coll\u00e8ge assurera, comme \u00e0 chaque p\u00e9riode de fermeture, un entretien complet visant \u00e0 pr\u00e9venir tout risque sanitaire.<\/p>\n<p>Restant \u00e0 votre \u00e9coute,&nbsp;<\/p>\n<p>l&rsquo;\u00e9quipe de Direction du coll\u00e8ge J. Moulin<\/p>\n","protected":false},"excerpt":{"rendered":"<p>INFORMATIONS GENERALES Conform\u00e9ment aux directives pr\u00e9sidentielles, le coll\u00e8ge sera ferm\u00e9 \u00e0 partir de lundi 16 mars. Des permanences t\u00e9l\u00e9phoniques et par mail seront assur\u00e9es selon les horaires suivants&nbsp;: Lun-mar-jeu-vend de 8h \u00e0 17h et merc de 8h \u00e0 12h Le site du coll\u00e8ge sera r\u00e9guli\u00e8rement mis \u00e0 jour, n\u2019h\u00e9sitez pas \u00e0 le consulter fr\u00e9quemment. Liens &hellip; <a href=\"https:\/\/www.jeanmoulinmarmande.fr\/?p=8029\" class=\"more-link\">Continuer la lecture de <span class=\"screen-reader-text\">COVID-19<\/span>  <span class=\"meta-nav\">&rarr;<\/span><\/a><\/p>\n","protected":false},"author":83,"featured_media":0,"comment_status":"closed","ping_status":"open","sticky":false,"template":"","format":"standard","meta":{"ngg_post_thumbnail":0,"footnotes":""},"categories":[62],"tags":[],"class_list":["post-8029","post","type-post","status-publish","format-standard","hentry","category-info-generales"],"_links":{"self":[{"href":"https:\/\/www.jeanmoulinmarmande.fr\/index.php?rest_route=\/wp\/v2\/posts\/8029","targetHints":{"allow":["GET"]}}],"collection":[{"href":"https:\/\/www.jeanmoulinmarmande.fr\/index.php?rest_route=\/wp\/v2\/posts"}],"about":[{"href":"https:\/\/www.jeanmoulinmarmande.fr\/index.php?rest_route=\/wp\/v2\/types\/post"}],"author":[{"embeddable":true,"href":"https:\/\/www.jeanmoulinmarmande.fr\/index.php?rest_route=\/wp\/v2\/users\/83"}],"replies":[{"embeddable":true,"href":"https:\/\/www.jeanmoulinmarmande.fr\/index.php?rest_route=%2Fwp%2Fv2%2Fcomments&post=8029"}],"version-history":[{"count":2,"href":"https:\/\/www.jeanmoulinmarmande.fr\/index.php?rest_route=\/wp\/v2\/posts\/8029\/revisions"}],"predecessor-version":[{"id":8032,"href":"https:\/\/www.jeanmoulinmarmande.fr\/index.php?rest_route=\/wp\/v2\/posts\/8029\/revisions\/8032"}],"wp:attachment":[{"href":"https:\/\/www.jeanmoulinmarmande.fr\/index.php?rest_route=%2Fwp%2Fv2%2Fmedia&parent=8029"}],"wp:term":[{"taxonomy":"category","embeddable":true,"href":"https:\/\/www.jeanmoulinmarmande.fr\/index.php?rest_route=%2Fwp%2Fv2%2Fcategories&post=8029"},{"taxonomy":"post_tag","embeddable":true,"href":"https:\/\/www.jeanmoulinmarmande.fr\/index.php?rest_route=%2Fwp%2Fv2%2Ftags&post=8029"}],"curies":[{"name":"wp","href":"https:\/\/api.w.org\/{rel}","templated":true}]}}