{"id":8025,"date":"2020-03-08T12:47:36","date_gmt":"2020-03-08T11:47:36","guid":{"rendered":"http:\/\/www.jeanmoulinmarmande.fr\/?p=8025"},"modified":"2020-03-08T12:47:36","modified_gmt":"2020-03-08T11:47:36","slug":"infos","status":"publish","type":"post","link":"https:\/\/www.jeanmoulinmarmande.fr\/?p=8025","title":{"rendered":"Infos"},"content":{"rendered":"<p>Mesdames, Messieurs,<br \/>\npour information, le coll\u00e8ge ouvrira ses portes et accueillera les \u00e9l\u00e8ves \u00e0 compter de lundi 09 mars 8h, selon les emplois du temps<br \/>\ndes classes visibles sur Pronote.<br \/>\nPour toute question concernant le Coronavirus COVID-19, nous vous invitons \u00e0 consulter les sites du Gouvernement mis \u00e0 jour<br \/>\nquotidiennement:<br \/>\n<a href=\"https:\/\/www.gouvernement.fr\/info-coronavirus\" target=\"_blank\" rel=\"noopener noreferrer\" data-saferedirecturl=\"https:\/\/www.google.com\/url?q=https:\/\/www.gouvernement.fr\/info-coronavirus&amp;source=gmail&amp;ust=1583750281178000&amp;usg=AFQjCNFQwPYcaWq-jsZ12tF-g8F_b8gcsA\">https:\/\/www.gouvernement.fr\/<wbr>info-coronavirus<\/a><br \/>\n<a href=\"https:\/\/www.education.gouv.fr\/coronavirus-covid-19-informations-et-recommandations-pour-les-etablissements-scolaires-et-les-\" target=\"_blank\" rel=\"noopener noreferrer\" data-saferedirecturl=\"https:\/\/www.google.com\/url?q=https:\/\/www.education.gouv.fr\/coronavirus-covid-19-informations-et-recommandations-pour-les-etablissements-scolaires-et-les-&amp;source=gmail&amp;ust=1583750281178000&amp;usg=AFQjCNHcfIAUxpUiSAINUQFG1wYzVzk9Rw\">https:\/\/www.education.gouv.fr\/<wbr>coronavirus-covid-19-<wbr>informations-et-<wbr>recommandations-pour-les-<wbr>etablissements-scolaires-et-<wbr>les-<\/a><br \/>\n274253#accueil-eleves-<wbr>coronavirus<br \/>\n<a href=\"https:\/\/solidarites-sante.gouv.fr\/soins-et-maladies\/maladies\/maladies-infectieuses\/coronavirus\/coronavirus-infos-voyageurs\" target=\"_blank\" rel=\"noopener noreferrer\" data-saferedirecturl=\"https:\/\/www.google.com\/url?q=https:\/\/solidarites-sante.gouv.fr\/soins-et-maladies\/maladies\/maladies-infectieuses\/coronavirus\/coronavirus-infos-voyageurs&amp;source=gmail&amp;ust=1583750281178000&amp;usg=AFQjCNEOa5lLFKMFIGRs_X19cegJodGFWQ\">https:\/\/solidarites-sante.<wbr>gouv.fr\/soins-et-maladies\/<wbr>maladies\/maladies-<wbr>infectieuses\/coronavirus\/<wbr>coronavirus-infos-voyageurs<\/a><br \/>\nCordialement,<br \/>\nl&rsquo;\u00e9quipe de Direction\u00a0\u00bb<\/p>\n","protected":false},"excerpt":{"rendered":"<p>Mesdames, Messieurs, pour information, le coll\u00e8ge ouvrira ses portes et accueillera les \u00e9l\u00e8ves \u00e0 compter de lundi 09 mars 8h, selon les emplois du temps des classes visibles sur Pronote. Pour toute question concernant le Coronavirus COVID-19, nous vous invitons \u00e0 consulter les sites du Gouvernement mis \u00e0 jour quotidiennement: https:\/\/www.gouvernement.fr\/info-coronavirus https:\/\/www.education.gouv.fr\/coronavirus-covid-19-informations-et-recommandations-pour-les-etablissements-scolaires-et-les- 274253#accueil-eleves-coronavirus https:\/\/solidarites-sante.gouv.fr\/soins-et-maladies\/maladies\/maladies-infectieuses\/coronavirus\/coronavirus-infos-voyageurs Cordialement, &hellip; <a href=\"https:\/\/www.jeanmoulinmarmande.fr\/?p=8025\" class=\"more-link\">Continuer la lecture de <span class=\"screen-reader-text\">Infos<\/span>  <span class=\"meta-nav\">&rarr;<\/span><\/a><\/p>\n","protected":false},"author":3,"featured_media":0,"comment_status":"closed","ping_status":"open","sticky":false,"template":"","format":"standard","meta":{"ngg_post_thumbnail":0,"footnotes":""},"categories":[62],"tags":[],"class_list":["post-8025","post","type-post","status-publish","format-standard","hentry","category-info-generales"],"_links":{"self":[{"href":"https:\/\/www.jeanmoulinmarmande.fr\/index.php?rest_route=\/wp\/v2\/posts\/8025","targetHints":{"allow":["GET"]}}],"collection":[{"href":"https:\/\/www.jeanmoulinmarmande.fr\/index.php?rest_route=\/wp\/v2\/posts"}],"about":[{"href":"https:\/\/www.jeanmoulinmarmande.fr\/index.php?rest_route=\/wp\/v2\/types\/post"}],"author":[{"embeddable":true,"href":"https:\/\/www.jeanmoulinmarmande.fr\/index.php?rest_route=\/wp\/v2\/users\/3"}],"replies":[{"embeddable":true,"href":"https:\/\/www.jeanmoulinmarmande.fr\/index.php?rest_route=%2Fwp%2Fv2%2Fcomments&post=8025"}],"version-history":[{"count":1,"href":"https:\/\/www.jeanmoulinmarmande.fr\/index.php?rest_route=\/wp\/v2\/posts\/8025\/revisions"}],"predecessor-version":[{"id":8026,"href":"https:\/\/www.jeanmoulinmarmande.fr\/index.php?rest_route=\/wp\/v2\/posts\/8025\/revisions\/8026"}],"wp:attachment":[{"href":"https:\/\/www.jeanmoulinmarmande.fr\/index.php?rest_route=%2Fwp%2Fv2%2Fmedia&parent=8025"}],"wp:term":[{"taxonomy":"category","embeddable":true,"href":"https:\/\/www.jeanmoulinmarmande.fr\/index.php?rest_route=%2Fwp%2Fv2%2Fcategories&post=8025"},{"taxonomy":"post_tag","embeddable":true,"href":"https:\/\/www.jeanmoulinmarmande.fr\/index.php?rest_route=%2Fwp%2Fv2%2Ftags&post=8025"}],"curies":[{"name":"wp","href":"https:\/\/api.w.org\/{rel}","templated":true}]}}