{"id":8016,"date":"2020-02-22T00:04:46","date_gmt":"2020-02-21T23:04:46","guid":{"rendered":"http:\/\/www.jeanmoulinmarmande.fr\/?p=8016"},"modified":"2020-02-22T00:04:46","modified_gmt":"2020-02-21T23:04:46","slug":"degradations","status":"publish","type":"post","link":"https:\/\/www.jeanmoulinmarmande.fr\/?p=8016","title":{"rendered":"D\u00e9gradations"},"content":{"rendered":"<p>Mme la principale, Mme l\u2019adjointe gestionnaire<br \/>\n\u00e0 l\u2019ensemble des parents<\/p>\n<p>De fa\u00e7on r\u00e9guli\u00e8re, les toilettes des gar\u00e7ons du coll\u00e8ge Jean Moulin situ\u00e9es dans la cour de r\u00e9cr\u00e9ation sont l\u2019objet d\u2019actes de vandalisme par les \u00e9l\u00e8ves. Je souhaite rappeler \u00e0 l\u2019ensemble des parents que la pr\u00e9servation du cadre d\u2019\u00e9tude et plus largement de vie des \u00e9l\u00e8ves est de la responsabilit\u00e9 de tous.<br \/>\nAussi je vous demande de bien vouloir \u00e9voquer ce sujet avec vos enfants et de leur montrer les photos ci-apr\u00e8s.<br \/>\nJe vous rappelle que le co\u00fbt des r\u00e9parations incombe \u00e0 l\u2019auteur des faits quand il est identifi\u00e9 et au coll\u00e8ge en cas d\u2019absence de responsable clairement identifi\u00e9. Dans ce dernier cas, l\u2019argent consacr\u00e9 \u00e0 ces r\u00e9parations ne sera pas consacr\u00e9 \u00e0 d\u2019autres projets concourant au bien \u00eatre des \u00e9l\u00e8ves et nous ne pouvons que le regretter.<\/p>\n<p style=\"text-align: left;\"><img loading=\"lazy\" decoding=\"async\" class=\"alignnone size-medium wp-image-8020\" src=\"http:\/\/www.jeanmoulinmarmande.fr\/wp-content\/uploads\/2020\/02\/20200222_000017-225x300.jpeg\" alt=\"\" width=\"225\" height=\"300\" srcset=\"https:\/\/www.jeanmoulinmarmande.fr\/wp-content\/uploads\/2020\/02\/20200222_000017-225x300.jpeg 225w, https:\/\/www.jeanmoulinmarmande.fr\/wp-content\/uploads\/2020\/02\/20200222_000017-768x1024.jpeg 768w, https:\/\/www.jeanmoulinmarmande.fr\/wp-content\/uploads\/2020\/02\/20200222_000017-113x150.jpeg 113w, https:\/\/www.jeanmoulinmarmande.fr\/wp-content\/uploads\/2020\/02\/20200222_000017.jpeg 1137w\" sizes=\"auto, (max-width: 225px) 100vw, 225px\" \/><img loading=\"lazy\" decoding=\"async\" class=\"alignnone size-medium wp-image-8021\" src=\"http:\/\/www.jeanmoulinmarmande.fr\/wp-content\/uploads\/2020\/02\/20200221_235946-225x300.jpeg\" alt=\"\" width=\"225\" height=\"300\" srcset=\"https:\/\/www.jeanmoulinmarmande.fr\/wp-content\/uploads\/2020\/02\/20200221_235946-225x300.jpeg 225w, https:\/\/www.jeanmoulinmarmande.fr\/wp-content\/uploads\/2020\/02\/20200221_235946-768x1023.jpeg 768w, https:\/\/www.jeanmoulinmarmande.fr\/wp-content\/uploads\/2020\/02\/20200221_235946-113x150.jpeg 113w, https:\/\/www.jeanmoulinmarmande.fr\/wp-content\/uploads\/2020\/02\/20200221_235946-1153x1536.jpeg 1153w, https:\/\/www.jeanmoulinmarmande.fr\/wp-content\/uploads\/2020\/02\/20200221_235946.jpeg 1386w\" sizes=\"auto, (max-width: 225px) 100vw, 225px\" \/><\/p>\n<p>Marmande, le 21 f\u00e9vrier 2020<br \/>\nMme Constant, Principale. Mme Mouret Adjointe gestionnaire<\/p>\n","protected":false},"excerpt":{"rendered":"<p>Mme la principale, Mme l\u2019adjointe gestionnaire \u00e0 l\u2019ensemble des parents De fa\u00e7on r\u00e9guli\u00e8re, les toilettes des gar\u00e7ons du coll\u00e8ge Jean Moulin situ\u00e9es dans la cour de r\u00e9cr\u00e9ation sont l\u2019objet d\u2019actes de vandalisme par les \u00e9l\u00e8ves. Je souhaite rappeler \u00e0 l\u2019ensemble des parents que la pr\u00e9servation du cadre d\u2019\u00e9tude et plus largement de vie des \u00e9l\u00e8ves &hellip; <a href=\"https:\/\/www.jeanmoulinmarmande.fr\/?p=8016\" class=\"more-link\">Continuer la lecture de <span class=\"screen-reader-text\">D\u00e9gradations<\/span>  <span class=\"meta-nav\">&rarr;<\/span><\/a><\/p>\n","protected":false},"author":3,"featured_media":0,"comment_status":"closed","ping_status":"open","sticky":false,"template":"","format":"standard","meta":{"ngg_post_thumbnail":0,"footnotes":""},"categories":[62],"tags":[],"class_list":["post-8016","post","type-post","status-publish","format-standard","hentry","category-info-generales"],"_links":{"self":[{"href":"https:\/\/www.jeanmoulinmarmande.fr\/index.php?rest_route=\/wp\/v2\/posts\/8016","targetHints":{"allow":["GET"]}}],"collection":[{"href":"https:\/\/www.jeanmoulinmarmande.fr\/index.php?rest_route=\/wp\/v2\/posts"}],"about":[{"href":"https:\/\/www.jeanmoulinmarmande.fr\/index.php?rest_route=\/wp\/v2\/types\/post"}],"author":[{"embeddable":true,"href":"https:\/\/www.jeanmoulinmarmande.fr\/index.php?rest_route=\/wp\/v2\/users\/3"}],"replies":[{"embeddable":true,"href":"https:\/\/www.jeanmoulinmarmande.fr\/index.php?rest_route=%2Fwp%2Fv2%2Fcomments&post=8016"}],"version-history":[{"count":3,"href":"https:\/\/www.jeanmoulinmarmande.fr\/index.php?rest_route=\/wp\/v2\/posts\/8016\/revisions"}],"predecessor-version":[{"id":8022,"href":"https:\/\/www.jeanmoulinmarmande.fr\/index.php?rest_route=\/wp\/v2\/posts\/8016\/revisions\/8022"}],"wp:attachment":[{"href":"https:\/\/www.jeanmoulinmarmande.fr\/index.php?rest_route=%2Fwp%2Fv2%2Fmedia&parent=8016"}],"wp:term":[{"taxonomy":"category","embeddable":true,"href":"https:\/\/www.jeanmoulinmarmande.fr\/index.php?rest_route=%2Fwp%2Fv2%2Fcategories&post=8016"},{"taxonomy":"post_tag","embeddable":true,"href":"https:\/\/www.jeanmoulinmarmande.fr\/index.php?rest_route=%2Fwp%2Fv2%2Ftags&post=8016"}],"curies":[{"name":"wp","href":"https:\/\/api.w.org\/{rel}","templated":true}]}}