{"id":8012,"date":"2020-02-21T23:43:46","date_gmt":"2020-02-21T22:43:46","guid":{"rendered":"http:\/\/www.jeanmoulinmarmande.fr\/?p=8012"},"modified":"2020-02-21T23:45:18","modified_gmt":"2020-02-21T22:45:18","slug":"nos-eleves-ont-du-talent","status":"publish","type":"post","link":"https:\/\/www.jeanmoulinmarmande.fr\/?p=8012","title":{"rendered":"Nos \u00e9l\u00e8ves ont du talent !"},"content":{"rendered":"<p>Les beaux jours approchent et cela inspire les \u00e9l\u00e8ves du coll\u00e8ge Jean Moulin Quentin Zannese et Corentin Roger ont ainsi fabriqu\u00e9 un ensemble de jardin d\u00e9di\u00e9 au repos. De A \u00e0 Z ils ont con\u00e7u leur mod\u00e8le, travaill\u00e9 les mat\u00e9riaux puis les ont assembl\u00e9 pour aboutir \u00e0 ce magnifique r\u00e9sultat.<br \/>\nBravo \u00e0 eux et \u00e0 leur professeur !!!<\/p>\n","protected":false},"excerpt":{"rendered":"<p>Les beaux jours approchent et cela inspire les \u00e9l\u00e8ves du coll\u00e8ge Jean Moulin Quentin Zannese et Corentin Roger ont ainsi fabriqu\u00e9 un ensemble de jardin d\u00e9di\u00e9 au repos. De A \u00e0 Z ils ont con\u00e7u leur mod\u00e8le, travaill\u00e9 les mat\u00e9riaux puis les ont assembl\u00e9 pour aboutir \u00e0 ce magnifique r\u00e9sultat. Bravo \u00e0 eux et \u00e0 &hellip; <a href=\"https:\/\/www.jeanmoulinmarmande.fr\/?p=8012\" class=\"more-link\">Continuer la lecture de <span class=\"screen-reader-text\">Nos \u00e9l\u00e8ves ont du talent !<\/span>  <span class=\"meta-nav\">&rarr;<\/span><\/a><\/p>\n","protected":false},"author":3,"featured_media":8014,"comment_status":"closed","ping_status":"open","sticky":false,"template":"","format":"standard","meta":{"ngg_post_thumbnail":0,"footnotes":""},"categories":[62],"tags":[],"class_list":["post-8012","post","type-post","status-publish","format-standard","has-post-thumbnail","hentry","category-info-generales"],"_links":{"self":[{"href":"https:\/\/www.jeanmoulinmarmande.fr\/index.php?rest_route=\/wp\/v2\/posts\/8012","targetHints":{"allow":["GET"]}}],"collection":[{"href":"https:\/\/www.jeanmoulinmarmande.fr\/index.php?rest_route=\/wp\/v2\/posts"}],"about":[{"href":"https:\/\/www.jeanmoulinmarmande.fr\/index.php?rest_route=\/wp\/v2\/types\/post"}],"author":[{"embeddable":true,"href":"https:\/\/www.jeanmoulinmarmande.fr\/index.php?rest_route=\/wp\/v2\/users\/3"}],"replies":[{"embeddable":true,"href":"https:\/\/www.jeanmoulinmarmande.fr\/index.php?rest_route=%2Fwp%2Fv2%2Fcomments&post=8012"}],"version-history":[{"count":2,"href":"https:\/\/www.jeanmoulinmarmande.fr\/index.php?rest_route=\/wp\/v2\/posts\/8012\/revisions"}],"predecessor-version":[{"id":8015,"href":"https:\/\/www.jeanmoulinmarmande.fr\/index.php?rest_route=\/wp\/v2\/posts\/8012\/revisions\/8015"}],"wp:featuredmedia":[{"embeddable":true,"href":"https:\/\/www.jeanmoulinmarmande.fr\/index.php?rest_route=\/wp\/v2\/media\/8014"}],"wp:attachment":[{"href":"https:\/\/www.jeanmoulinmarmande.fr\/index.php?rest_route=%2Fwp%2Fv2%2Fmedia&parent=8012"}],"wp:term":[{"taxonomy":"category","embeddable":true,"href":"https:\/\/www.jeanmoulinmarmande.fr\/index.php?rest_route=%2Fwp%2Fv2%2Fcategories&post=8012"},{"taxonomy":"post_tag","embeddable":true,"href":"https:\/\/www.jeanmoulinmarmande.fr\/index.php?rest_route=%2Fwp%2Fv2%2Ftags&post=8012"}],"curies":[{"name":"wp","href":"https:\/\/api.w.org\/{rel}","templated":true}]}}