{"id":8001,"date":"2020-02-18T07:04:26","date_gmt":"2020-02-18T06:04:26","guid":{"rendered":"http:\/\/www.jeanmoulinmarmande.fr\/?p=8001"},"modified":"2020-02-18T07:04:26","modified_gmt":"2020-02-18T06:04:26","slug":"ca-bouge-a-la-cantine","status":"publish","type":"post","link":"https:\/\/www.jeanmoulinmarmande.fr\/?p=8001","title":{"rendered":"\u00c7a bouge \u00e0 la cantine !"},"content":{"rendered":"<p style=\"text-align: left;\">Depuis la rentr\u00e9e des vacances de toussaint, la dynamique \u00e9quipe de restauration du coll\u00e8ge Jean Moulin de Marmande a mis en place un nouveau syst\u00e8me de tri des d\u00e9chets de cantine.&nbsp;<br \/>\nCette mise en place s&rsquo;inscrit dans une double d\u00e9marche : le d\u00e9veloppement durable et le confort des \u00e9l\u00e8ves fr\u00e9quentant la restauration collective.<br \/>\n2 tables de tri sont maintenant pr\u00e9sentes au lieu d&rsquo;une auparavant.&nbsp;<br \/>\nLa premi\u00e8re table est pour le pain, les serviettes en papier et les diff\u00e9rents contenants<br \/>\nLa seconde table pour les restes de nourriture non consomm\u00e9s<br \/>\nCette r\u00e9organisation permet de limiter le temps d&rsquo;attente des \u00e9l\u00e8ves apr\u00e8s le repas en acc\u00e9l\u00e9rant le tri.<br \/>\nNous remercions les \u00e9l\u00e8ves pour leur active participation.<br \/>\nLe mieux c&rsquo;est encore de jeter le moins possible !!!!!!!!<img loading=\"lazy\" decoding=\"async\" class=\"size-medium wp-image-8006 aligncenter\" src=\"http:\/\/www.jeanmoulinmarmande.fr\/wp-content\/uploads\/2020\/02\/IMG_4150-226-228-162x300.jpg\" alt=\"\" width=\"162\" height=\"300\" srcset=\"https:\/\/www.jeanmoulinmarmande.fr\/wp-content\/uploads\/2020\/02\/IMG_4150-226-228-162x300.jpg 162w, https:\/\/www.jeanmoulinmarmande.fr\/wp-content\/uploads\/2020\/02\/IMG_4150-226-228-81x150.jpg 81w, https:\/\/www.jeanmoulinmarmande.fr\/wp-content\/uploads\/2020\/02\/IMG_4150-226-228.jpg 432w\" sizes=\"auto, (max-width: 162px) 100vw, 162px\" \/><\/p>\n","protected":false},"excerpt":{"rendered":"<p>Depuis la rentr\u00e9e des vacances de toussaint, la dynamique \u00e9quipe de restauration du coll\u00e8ge Jean Moulin de Marmande a mis en place un nouveau syst\u00e8me de tri des d\u00e9chets de cantine.&nbsp; Cette mise en place s&rsquo;inscrit dans une double d\u00e9marche : le d\u00e9veloppement durable et le confort des \u00e9l\u00e8ves fr\u00e9quentant la restauration collective. 2 tables &hellip; <a href=\"https:\/\/www.jeanmoulinmarmande.fr\/?p=8001\" class=\"more-link\">Continuer la lecture de <span class=\"screen-reader-text\">\u00c7a bouge \u00e0 la cantine !<\/span>  <span class=\"meta-nav\">&rarr;<\/span><\/a><\/p>\n","protected":false},"author":3,"featured_media":8005,"comment_status":"closed","ping_status":"open","sticky":false,"template":"","format":"standard","meta":{"ngg_post_thumbnail":0,"footnotes":""},"categories":[62],"tags":[],"class_list":["post-8001","post","type-post","status-publish","format-standard","has-post-thumbnail","hentry","category-info-generales"],"_links":{"self":[{"href":"https:\/\/www.jeanmoulinmarmande.fr\/index.php?rest_route=\/wp\/v2\/posts\/8001","targetHints":{"allow":["GET"]}}],"collection":[{"href":"https:\/\/www.jeanmoulinmarmande.fr\/index.php?rest_route=\/wp\/v2\/posts"}],"about":[{"href":"https:\/\/www.jeanmoulinmarmande.fr\/index.php?rest_route=\/wp\/v2\/types\/post"}],"author":[{"embeddable":true,"href":"https:\/\/www.jeanmoulinmarmande.fr\/index.php?rest_route=\/wp\/v2\/users\/3"}],"replies":[{"embeddable":true,"href":"https:\/\/www.jeanmoulinmarmande.fr\/index.php?rest_route=%2Fwp%2Fv2%2Fcomments&post=8001"}],"version-history":[{"count":2,"href":"https:\/\/www.jeanmoulinmarmande.fr\/index.php?rest_route=\/wp\/v2\/posts\/8001\/revisions"}],"predecessor-version":[{"id":8007,"href":"https:\/\/www.jeanmoulinmarmande.fr\/index.php?rest_route=\/wp\/v2\/posts\/8001\/revisions\/8007"}],"wp:featuredmedia":[{"embeddable":true,"href":"https:\/\/www.jeanmoulinmarmande.fr\/index.php?rest_route=\/wp\/v2\/media\/8005"}],"wp:attachment":[{"href":"https:\/\/www.jeanmoulinmarmande.fr\/index.php?rest_route=%2Fwp%2Fv2%2Fmedia&parent=8001"}],"wp:term":[{"taxonomy":"category","embeddable":true,"href":"https:\/\/www.jeanmoulinmarmande.fr\/index.php?rest_route=%2Fwp%2Fv2%2Fcategories&post=8001"},{"taxonomy":"post_tag","embeddable":true,"href":"https:\/\/www.jeanmoulinmarmande.fr\/index.php?rest_route=%2Fwp%2Fv2%2Ftags&post=8001"}],"curies":[{"name":"wp","href":"https:\/\/api.w.org\/{rel}","templated":true}]}}