{"id":7806,"date":"2019-11-12T09:06:02","date_gmt":"2019-11-12T08:06:02","guid":{"rendered":"http:\/\/www.jeanmoulinmarmande.fr\/?p=7806"},"modified":"2019-11-12T11:47:54","modified_gmt":"2019-11-12T10:47:54","slug":"reunion-dinformation-sur-lorientation-des-eleves-en-fin-de-3e","status":"publish","type":"post","link":"https:\/\/www.jeanmoulinmarmande.fr\/?p=7806","title":{"rendered":"R\u00e9union d&rsquo;information sur l&rsquo;orientation des \u00e9l\u00e8ves en fin de 3e"},"content":{"rendered":"<p style=\"text-align: left;\"><span style=\"color: #ff0000;\">Lundi 18 NOVEMBRE \u00e0 18H30<\/span><br \/>\n\u00e0 destination des parents et des \u00e9l\u00e8ves,<br \/>\nen pr\u00e9sence de Mme Letzelter, Psy EN et conseill\u00e8re d&rsquo;orientation.<br \/>\n<em>Seront abord\u00e9s les points suivants<\/em>:<br \/>\nCalendrier et \u00e9ch\u00e9ances durant l&rsquo;ann\u00e9e de 3e<br \/>\nLes diff\u00e9rents documents navette\/<br \/>\nFili\u00e8res et strat\u00e9gie d&rsquo;orientation.<\/p>\n<p style=\"text-align: left;\">Les parents sont attendus nombreux en salle de conf\u00e9rence.<\/p>\n","protected":false},"excerpt":{"rendered":"<p>Lundi 18 NOVEMBRE \u00e0 18H30 \u00e0 destination des parents et des \u00e9l\u00e8ves, en pr\u00e9sence de Mme Letzelter, Psy EN et conseill\u00e8re d&rsquo;orientation. Seront abord\u00e9s les points suivants: Calendrier et \u00e9ch\u00e9ances durant l&rsquo;ann\u00e9e de 3e Les diff\u00e9rents documents navette\/ Fili\u00e8res et strat\u00e9gie d&rsquo;orientation. Les parents sont attendus nombreux en salle de conf\u00e9rence.<\/p>\n","protected":false},"author":3,"featured_media":0,"comment_status":"closed","ping_status":"open","sticky":false,"template":"","format":"standard","meta":{"ngg_post_thumbnail":0,"footnotes":""},"categories":[62],"tags":[],"class_list":["post-7806","post","type-post","status-publish","format-standard","hentry","category-info-generales"],"_links":{"self":[{"href":"https:\/\/www.jeanmoulinmarmande.fr\/index.php?rest_route=\/wp\/v2\/posts\/7806","targetHints":{"allow":["GET"]}}],"collection":[{"href":"https:\/\/www.jeanmoulinmarmande.fr\/index.php?rest_route=\/wp\/v2\/posts"}],"about":[{"href":"https:\/\/www.jeanmoulinmarmande.fr\/index.php?rest_route=\/wp\/v2\/types\/post"}],"author":[{"embeddable":true,"href":"https:\/\/www.jeanmoulinmarmande.fr\/index.php?rest_route=\/wp\/v2\/users\/3"}],"replies":[{"embeddable":true,"href":"https:\/\/www.jeanmoulinmarmande.fr\/index.php?rest_route=%2Fwp%2Fv2%2Fcomments&post=7806"}],"version-history":[{"count":3,"href":"https:\/\/www.jeanmoulinmarmande.fr\/index.php?rest_route=\/wp\/v2\/posts\/7806\/revisions"}],"predecessor-version":[{"id":7812,"href":"https:\/\/www.jeanmoulinmarmande.fr\/index.php?rest_route=\/wp\/v2\/posts\/7806\/revisions\/7812"}],"wp:attachment":[{"href":"https:\/\/www.jeanmoulinmarmande.fr\/index.php?rest_route=%2Fwp%2Fv2%2Fmedia&parent=7806"}],"wp:term":[{"taxonomy":"category","embeddable":true,"href":"https:\/\/www.jeanmoulinmarmande.fr\/index.php?rest_route=%2Fwp%2Fv2%2Fcategories&post=7806"},{"taxonomy":"post_tag","embeddable":true,"href":"https:\/\/www.jeanmoulinmarmande.fr\/index.php?rest_route=%2Fwp%2Fv2%2Ftags&post=7806"}],"curies":[{"name":"wp","href":"https:\/\/api.w.org\/{rel}","templated":true}]}}