{"id":7652,"date":"2019-04-02T20:11:44","date_gmt":"2019-04-02T18:11:44","guid":{"rendered":"http:\/\/www.jeanmoulinmarmande.fr\/?p=7652"},"modified":"2019-04-02T20:11:44","modified_gmt":"2019-04-02T18:11:44","slug":"projet-erasmus","status":"publish","type":"post","link":"https:\/\/www.jeanmoulinmarmande.fr\/?p=7652","title":{"rendered":"Projet Erasmus"},"content":{"rendered":"<p>Lundi dernier, les \u00e9l\u00e8ves Erasmus ont pr\u00e9sent\u00e9 \u00e0 Mme Constant et Mme Bondietti leurs projets de d\u00e9veloppement durable local. Vous verrez sur ces vid\u00e9os de pr\u00e9sentation que les \u00e9l\u00e8ves fourmillent d&rsquo;id\u00e9es! Il reste \u00e0 \u00e9tudier ce qu&rsquo;il est possible de faire au sein du coll\u00e8ge avant la mise en oeuvre.<\/p>\n<div style=\"width: 474px;\" class=\"wp-video\"><video class=\"wp-video-shortcode\" id=\"video-7652-1\" width=\"474\" height=\"267\" preload=\"metadata\" controls=\"controls\"><source type=\"video\/mp4\" src=\"http:\/\/www.jeanmoulinmarmande.fr\/wp-content\/uploads\/2019\/04\/Aylin.mp4?_=1\" \/><a href=\"http:\/\/www.jeanmoulinmarmande.fr\/wp-content\/uploads\/2019\/04\/Aylin.mp4\">http:\/\/www.jeanmoulinmarmande.fr\/wp-content\/uploads\/2019\/04\/Aylin.mp4<\/a><\/video><\/div>\n<div style=\"width: 474px;\" class=\"wp-video\"><video class=\"wp-video-shortcode\" id=\"video-7652-2\" width=\"474\" height=\"267\" preload=\"metadata\" controls=\"controls\"><source type=\"video\/mp4\" src=\"http:\/\/www.jeanmoulinmarmande.fr\/wp-content\/uploads\/2019\/04\/anais.mp4?_=2\" \/><a href=\"http:\/\/www.jeanmoulinmarmande.fr\/wp-content\/uploads\/2019\/04\/anais.mp4\">http:\/\/www.jeanmoulinmarmande.fr\/wp-content\/uploads\/2019\/04\/anais.mp4<\/a><\/video><\/div>\n<div style=\"width: 474px;\" class=\"wp-video\"><video class=\"wp-video-shortcode\" id=\"video-7652-3\" width=\"474\" height=\"267\" preload=\"metadata\" controls=\"controls\"><source type=\"video\/mp4\" src=\"http:\/\/www.jeanmoulinmarmande.fr\/wp-content\/uploads\/2019\/04\/elsafinal.mp4?_=3\" \/><a href=\"http:\/\/www.jeanmoulinmarmande.fr\/wp-content\/uploads\/2019\/04\/elsafinal.mp4\">http:\/\/www.jeanmoulinmarmande.fr\/wp-content\/uploads\/2019\/04\/elsafinal.mp4<\/a><\/video><\/div>\n<div style=\"width: 474px;\" class=\"wp-video\"><video class=\"wp-video-shortcode\" id=\"video-7652-4\" width=\"474\" height=\"267\" preload=\"metadata\" controls=\"controls\"><source type=\"video\/mp4\" src=\"http:\/\/www.jeanmoulinmarmande.fr\/wp-content\/uploads\/2019\/04\/opale.mp4?_=4\" \/><a href=\"http:\/\/www.jeanmoulinmarmande.fr\/wp-content\/uploads\/2019\/04\/opale.mp4\">http:\/\/www.jeanmoulinmarmande.fr\/wp-content\/uploads\/2019\/04\/opale.mp4<\/a><\/video><\/div>\n<div style=\"width: 474px;\" class=\"wp-video\"><video class=\"wp-video-shortcode\" id=\"video-7652-5\" width=\"474\" height=\"474\" preload=\"metadata\" controls=\"controls\"><source type=\"video\/mp4\" src=\"http:\/\/www.jeanmoulinmarmande.fr\/wp-content\/uploads\/2019\/04\/philippine.mp4?_=5\" \/><a href=\"http:\/\/www.jeanmoulinmarmande.fr\/wp-content\/uploads\/2019\/04\/philippine.mp4\">http:\/\/www.jeanmoulinmarmande.fr\/wp-content\/uploads\/2019\/04\/philippine.mp4<\/a><\/video><\/div>\n<div style=\"width: 474px;\" class=\"wp-video\"><video class=\"wp-video-shortcode\" id=\"video-7652-6\" width=\"474\" height=\"267\" preload=\"metadata\" controls=\"controls\"><source type=\"video\/mp4\" src=\"http:\/\/www.jeanmoulinmarmande.fr\/wp-content\/uploads\/2019\/04\/tanguy.mp4?_=6\" \/><a href=\"http:\/\/www.jeanmoulinmarmande.fr\/wp-content\/uploads\/2019\/04\/tanguy.mp4\">http:\/\/www.jeanmoulinmarmande.fr\/wp-content\/uploads\/2019\/04\/tanguy.mp4<\/a><\/video><\/div>\n","protected":false},"excerpt":{"rendered":"<p>Lundi dernier, les \u00e9l\u00e8ves Erasmus ont pr\u00e9sent\u00e9 \u00e0 Mme Constant et Mme Bondietti leurs projets de d\u00e9veloppement durable local. Vous verrez sur ces vid\u00e9os de pr\u00e9sentation que les \u00e9l\u00e8ves fourmillent d&rsquo;id\u00e9es! Il reste \u00e0 \u00e9tudier ce qu&rsquo;il est possible de faire au sein du coll\u00e8ge avant la mise en oeuvre.<\/p>\n","protected":false},"author":80,"featured_media":0,"comment_status":"closed","ping_status":"open","sticky":false,"template":"","format":"standard","meta":{"ngg_post_thumbnail":0,"footnotes":""},"categories":[103],"tags":[],"class_list":["post-7652","post","type-post","status-publish","format-standard","hentry","category-erasmus"],"_links":{"self":[{"href":"https:\/\/www.jeanmoulinmarmande.fr\/index.php?rest_route=\/wp\/v2\/posts\/7652","targetHints":{"allow":["GET"]}}],"collection":[{"href":"https:\/\/www.jeanmoulinmarmande.fr\/index.php?rest_route=\/wp\/v2\/posts"}],"about":[{"href":"https:\/\/www.jeanmoulinmarmande.fr\/index.php?rest_route=\/wp\/v2\/types\/post"}],"author":[{"embeddable":true,"href":"https:\/\/www.jeanmoulinmarmande.fr\/index.php?rest_route=\/wp\/v2\/users\/80"}],"replies":[{"embeddable":true,"href":"https:\/\/www.jeanmoulinmarmande.fr\/index.php?rest_route=%2Fwp%2Fv2%2Fcomments&post=7652"}],"version-history":[{"count":2,"href":"https:\/\/www.jeanmoulinmarmande.fr\/index.php?rest_route=\/wp\/v2\/posts\/7652\/revisions"}],"predecessor-version":[{"id":7660,"href":"https:\/\/www.jeanmoulinmarmande.fr\/index.php?rest_route=\/wp\/v2\/posts\/7652\/revisions\/7660"}],"wp:attachment":[{"href":"https:\/\/www.jeanmoulinmarmande.fr\/index.php?rest_route=%2Fwp%2Fv2%2Fmedia&parent=7652"}],"wp:term":[{"taxonomy":"category","embeddable":true,"href":"https:\/\/www.jeanmoulinmarmande.fr\/index.php?rest_route=%2Fwp%2Fv2%2Fcategories&post=7652"},{"taxonomy":"post_tag","embeddable":true,"href":"https:\/\/www.jeanmoulinmarmande.fr\/index.php?rest_route=%2Fwp%2Fv2%2Ftags&post=7652"}],"curies":[{"name":"wp","href":"https:\/\/api.w.org\/{rel}","templated":true}]}}