{"id":7637,"date":"2019-03-26T18:37:22","date_gmt":"2019-03-26T17:37:22","guid":{"rendered":"http:\/\/www.jeanmoulinmarmande.fr\/?p=7637"},"modified":"2019-03-26T18:37:22","modified_gmt":"2019-03-26T17:37:22","slug":"cham","status":"publish","type":"post","link":"https:\/\/www.jeanmoulinmarmande.fr\/?p=7637","title":{"rendered":"CHAM"},"content":{"rendered":"<p>En partenariat avec le coll\u00e8ge Jean Moulin et le coll\u00e8ge de la Cit\u00e9 Scolaire, le conservatoire Maurice Ravel de Marmande propose de la 6\u00e8me \u00e0 la 3\u00e8me un parcours artistique en danse (d\u00e9butants et \u00e9l\u00e8ves d\u00e9j\u00e0 danseurs), musiques actuelles (d\u00e9butants), en musique (instruments ou chant) dans le cadre de classes \u00e0 horaires am\u00e9nag\u00e9s.<\/p>\n<p>Ces enseignements ouverts \u00e0 tous s&rsquo;inscrivent, en grande partie, sur le temps scolaire dans le cadre d&rsquo;un projet \u00e9ducatif commun entre l&rsquo;Education Nationale et le conservatoire.<\/p>\n<p>Une r\u00e9union d&rsquo;information ouverte \u00e0 tous est organis\u00e9e le MARDI 9 AVRIL &#8211; 18h15 &#8211; au Conservatoire Maurice-Ravel<\/p>\n<p>1 rue Victor Schoelcher<\/p>\n<p>t\u00e9l : 05 53 64 40 89<\/p>\n<p>mail : conservatoire@mairie-marmande.fr<\/p>\n<p>C&rsquo;est l&rsquo;occasion pour les futurs \u00e9l\u00e8ves de 6\u00e8mes \u00e0 la rentr\u00e9e prochaine, n n&rsquo;ayant pas eu cette opportunit\u00e9, de devenir musiciens ou danseurs.<\/p>\n<p>musiques actuelles (d\u00e9butants), en musique (instruments ou chant) dans le cadre de classes \u00e0 horaires am\u00e9nag\u00e9s.<\/p>\n","protected":false},"excerpt":{"rendered":"<p>En partenariat avec le coll\u00e8ge Jean Moulin et le coll\u00e8ge de la Cit\u00e9 Scolaire, le conservatoire Maurice Ravel de Marmande propose de la 6\u00e8me \u00e0 la 3\u00e8me un parcours artistique en danse (d\u00e9butants et \u00e9l\u00e8ves d\u00e9j\u00e0 danseurs), musiques actuelles (d\u00e9butants), en musique (instruments ou chant) dans le cadre de classes \u00e0 horaires am\u00e9nag\u00e9s. Ces enseignements &hellip; <a href=\"https:\/\/www.jeanmoulinmarmande.fr\/?p=7637\" class=\"more-link\">Continuer la lecture de <span class=\"screen-reader-text\">CHAM<\/span>  <span class=\"meta-nav\">&rarr;<\/span><\/a><\/p>\n","protected":false},"author":3,"featured_media":0,"comment_status":"closed","ping_status":"open","sticky":false,"template":"","format":"standard","meta":{"ngg_post_thumbnail":0,"footnotes":""},"categories":[118,62],"tags":[],"class_list":["post-7637","post","type-post","status-publish","format-standard","hentry","category-cham","category-info-generales"],"_links":{"self":[{"href":"https:\/\/www.jeanmoulinmarmande.fr\/index.php?rest_route=\/wp\/v2\/posts\/7637","targetHints":{"allow":["GET"]}}],"collection":[{"href":"https:\/\/www.jeanmoulinmarmande.fr\/index.php?rest_route=\/wp\/v2\/posts"}],"about":[{"href":"https:\/\/www.jeanmoulinmarmande.fr\/index.php?rest_route=\/wp\/v2\/types\/post"}],"author":[{"embeddable":true,"href":"https:\/\/www.jeanmoulinmarmande.fr\/index.php?rest_route=\/wp\/v2\/users\/3"}],"replies":[{"embeddable":true,"href":"https:\/\/www.jeanmoulinmarmande.fr\/index.php?rest_route=%2Fwp%2Fv2%2Fcomments&post=7637"}],"version-history":[{"count":1,"href":"https:\/\/www.jeanmoulinmarmande.fr\/index.php?rest_route=\/wp\/v2\/posts\/7637\/revisions"}],"predecessor-version":[{"id":7638,"href":"https:\/\/www.jeanmoulinmarmande.fr\/index.php?rest_route=\/wp\/v2\/posts\/7637\/revisions\/7638"}],"wp:attachment":[{"href":"https:\/\/www.jeanmoulinmarmande.fr\/index.php?rest_route=%2Fwp%2Fv2%2Fmedia&parent=7637"}],"wp:term":[{"taxonomy":"category","embeddable":true,"href":"https:\/\/www.jeanmoulinmarmande.fr\/index.php?rest_route=%2Fwp%2Fv2%2Fcategories&post=7637"},{"taxonomy":"post_tag","embeddable":true,"href":"https:\/\/www.jeanmoulinmarmande.fr\/index.php?rest_route=%2Fwp%2Fv2%2Ftags&post=7637"}],"curies":[{"name":"wp","href":"https:\/\/api.w.org\/{rel}","templated":true}]}}