{"id":739,"date":"2013-05-07T18:49:59","date_gmt":"2013-05-07T17:49:59","guid":{"rendered":"http:\/\/www.jeanmoulinmarmande.fr\/?p=739"},"modified":"2013-05-07T18:57:49","modified_gmt":"2013-05-07T17:57:49","slug":"forum-de-lespoir-des-climacteurs-europeens-en-images","status":"publish","type":"post","link":"https:\/\/www.jeanmoulinmarmande.fr\/?p=739","title":{"rendered":"FORUM DE L\u2019ESPOIR DES CLIM\u2019ACTEURS EUROPEENS EN IMAGES"},"content":{"rendered":"<p style=\"text-align: left;\" align=\"center\"><b><img loading=\"lazy\" decoding=\"async\" class=\"size-medium wp-image-741 alignleft\" alt=\"DSCF6191\" src=\"http:\/\/www.jeanmoulinmarmande.fr\/wp-content\/uploads\/2013\/05\/DSCF6191-300x225.jpg\" width=\"300\" height=\"225\" \/>Bravo\u00a0! <\/b><\/p>\n<p>Et encore merci \u00e0 toute la communaut\u00e9 \u00e9ducative du coll\u00e8ge Jean Moulin.<\/p>\n<p>Nous avons \u00e9t\u00e9 sensibles \u00e0 votre implication et \u00e0 l\u2019accueil chaleureux de tous ces jeunes europ\u00e9ens.<\/p>\n<p>La r\u00e9ussite de cette 4\u00b0 rencontre et du forum de l\u2019espoir, nous encourage \u00e0 poursuivre vers de nouvelles\u00a0 coop\u00e9rations.<\/p>\n<p>L\u2019\u00e9quipe com\u00e9nius<\/p>\n<p>&nbsp;<\/p>\n<p>Quelques photos pour\u00a0 illustrer les temps forts de cette 4\u00b0rencontre \u00a0: la c\u00e9r\u00e9monie d\u2019accueil et la r\u00e9alisation du travail de synth\u00e8se de notre \u00e9toile, le rallye\u00a0 nature \u00e0 la Filhole, la soir\u00e9e com\u00e9nius, la balade sur le canal et le forum de l\u2019espoir.<br \/>\nngg_shortcode_0_placeholder<\/p>\n<p>&nbsp;<\/p>\n","protected":false},"excerpt":{"rendered":"<p>Bravo\u00a0! Et encore merci \u00e0 toute la communaut\u00e9 \u00e9ducative du coll\u00e8ge Jean Moulin. Nous avons \u00e9t\u00e9 sensibles \u00e0 votre implication et \u00e0 l\u2019accueil chaleureux de tous ces jeunes europ\u00e9ens. La r\u00e9ussite de cette 4\u00b0 rencontre et du forum de l\u2019espoir, nous encourage \u00e0 poursuivre vers de nouvelles\u00a0 coop\u00e9rations. L\u2019\u00e9quipe com\u00e9nius &nbsp; Quelques photos pour\u00a0 illustrer &hellip; <a href=\"https:\/\/www.jeanmoulinmarmande.fr\/?p=739\" class=\"more-link\">Continuer la lecture de <span class=\"screen-reader-text\">FORUM DE L\u2019ESPOIR DES CLIM\u2019ACTEURS EUROPEENS EN IMAGES<\/span>  <span class=\"meta-nav\">&rarr;<\/span><\/a><\/p>\n","protected":false},"author":3,"featured_media":741,"comment_status":"closed","ping_status":"open","sticky":false,"template":"","format":"standard","meta":{"ngg_post_thumbnail":0,"footnotes":""},"categories":[3,74],"tags":[],"class_list":["post-739","post","type-post","status-publish","format-standard","has-post-thumbnail","hentry","category-activites","category-comenius"],"_links":{"self":[{"href":"https:\/\/www.jeanmoulinmarmande.fr\/index.php?rest_route=\/wp\/v2\/posts\/739","targetHints":{"allow":["GET"]}}],"collection":[{"href":"https:\/\/www.jeanmoulinmarmande.fr\/index.php?rest_route=\/wp\/v2\/posts"}],"about":[{"href":"https:\/\/www.jeanmoulinmarmande.fr\/index.php?rest_route=\/wp\/v2\/types\/post"}],"author":[{"embeddable":true,"href":"https:\/\/www.jeanmoulinmarmande.fr\/index.php?rest_route=\/wp\/v2\/users\/3"}],"replies":[{"embeddable":true,"href":"https:\/\/www.jeanmoulinmarmande.fr\/index.php?rest_route=%2Fwp%2Fv2%2Fcomments&post=739"}],"version-history":[{"count":7,"href":"https:\/\/www.jeanmoulinmarmande.fr\/index.php?rest_route=\/wp\/v2\/posts\/739\/revisions"}],"predecessor-version":[{"id":746,"href":"https:\/\/www.jeanmoulinmarmande.fr\/index.php?rest_route=\/wp\/v2\/posts\/739\/revisions\/746"}],"wp:featuredmedia":[{"embeddable":true,"href":"https:\/\/www.jeanmoulinmarmande.fr\/index.php?rest_route=\/wp\/v2\/media\/741"}],"wp:attachment":[{"href":"https:\/\/www.jeanmoulinmarmande.fr\/index.php?rest_route=%2Fwp%2Fv2%2Fmedia&parent=739"}],"wp:term":[{"taxonomy":"category","embeddable":true,"href":"https:\/\/www.jeanmoulinmarmande.fr\/index.php?rest_route=%2Fwp%2Fv2%2Fcategories&post=739"},{"taxonomy":"post_tag","embeddable":true,"href":"https:\/\/www.jeanmoulinmarmande.fr\/index.php?rest_route=%2Fwp%2Fv2%2Ftags&post=739"}],"curies":[{"name":"wp","href":"https:\/\/api.w.org\/{rel}","templated":true}]}}