{"id":7264,"date":"2019-02-06T21:32:37","date_gmt":"2019-02-06T20:32:37","guid":{"rendered":"http:\/\/www.jeanmoulinmarmande.fr\/?p=7264"},"modified":"2019-02-11T10:04:21","modified_gmt":"2019-02-11T09:04:21","slug":"un-mercredi-de-championnes-et-de-champions","status":"publish","type":"post","link":"https:\/\/www.jeanmoulinmarmande.fr\/?p=7264","title":{"rendered":"Un mercredi de championnes et de champions"},"content":{"rendered":"<p>Ce mercredi avaient lieu les finales d\u00e9partementales de sports collectifs o\u00f9 le Coll\u00e8ge avait qualifi\u00e9 5 \u00e9quipes.<\/p>\n<ol>\n<li>Les Benjamines ont \u00e9t\u00e9 particuli\u00e8rement \u00e0 l&rsquo;honneur en remportant le titre de CHAMPIONNES D\u00e9partementales de FUTSAL.&nbsp;<br \/>\n<img loading=\"lazy\" decoding=\"async\" class=\"size-medium wp-image-7263 aligncenter\" src=\"http:\/\/www.jeanmoulinmarmande.fr\/wp-content\/uploads\/2019\/02\/IMG-20190206-WA0001-300x225.jpg\" alt=\"\" width=\"300\" height=\"225\" srcset=\"https:\/\/www.jeanmoulinmarmande.fr\/wp-content\/uploads\/2019\/02\/IMG-20190206-WA0001-300x225.jpg 300w, https:\/\/www.jeanmoulinmarmande.fr\/wp-content\/uploads\/2019\/02\/IMG-20190206-WA0001-150x113.jpg 150w, https:\/\/www.jeanmoulinmarmande.fr\/wp-content\/uploads\/2019\/02\/IMG-20190206-WA0001-768x576.jpg 768w, https:\/\/www.jeanmoulinmarmande.fr\/wp-content\/uploads\/2019\/02\/IMG-20190206-WA0001-1024x768.jpg 1024w, https:\/\/www.jeanmoulinmarmande.fr\/wp-content\/uploads\/2019\/02\/IMG-20190206-WA0001.jpg 1600w\" sizes=\"auto, (max-width: 300px) 100vw, 300px\" \/>L&rsquo;\u00e9quipe \u00e9tait compos\u00e9e de :Manar Labrouzi, C\u00e9lia De Freitas, Lisa Busquet (cap), Khadija Mokhali, Camille Fredon, Loane Marguiller (bless\u00e9e) et R\u00e9mi Dauguet (arbitre)<\/li>\n<\/ol>\n<p>Les benjamins ont fini VICE-CHAMPIONS en HAND-BALL<br \/>\n<img loading=\"lazy\" decoding=\"async\" class=\"size-medium wp-image-7262 aligncenter\" src=\"http:\/\/www.jeanmoulinmarmande.fr\/wp-content\/uploads\/2019\/02\/IMG-20190206-WA0000-300x168.jpg\" alt=\"\" width=\"300\" height=\"168\" srcset=\"https:\/\/www.jeanmoulinmarmande.fr\/wp-content\/uploads\/2019\/02\/IMG-20190206-WA0000-300x168.jpg 300w, https:\/\/www.jeanmoulinmarmande.fr\/wp-content\/uploads\/2019\/02\/IMG-20190206-WA0000-150x84.jpg 150w, https:\/\/www.jeanmoulinmarmande.fr\/wp-content\/uploads\/2019\/02\/IMG-20190206-WA0000-768x431.jpg 768w, https:\/\/www.jeanmoulinmarmande.fr\/wp-content\/uploads\/2019\/02\/IMG-20190206-WA0000-1024x575.jpg 1024w, https:\/\/www.jeanmoulinmarmande.fr\/wp-content\/uploads\/2019\/02\/IMG-20190206-WA0000.jpg 1600w\" sizes=\"auto, (max-width: 300px) 100vw, 300px\" \/>L&rsquo;\u00e9quipe \u00e9tait compos\u00e9e de Tristan Boin, Marc Boin, Petit, Himour, Riou, De Vincenzi, Zbat et Dewilde. Lepetit et Fraget avaient particip\u00e9 \u00e0 la qualification.<\/p>\n<h3 style=\"text-align: center;\"><span style=\"color: #ff0000;\"><strong>F\u00c9LICITATIONS \u00e0 toutes et \u00e0 tous.<\/strong><\/span><\/h3>\n","protected":false},"excerpt":{"rendered":"<p>Ce mercredi avaient lieu les finales d\u00e9partementales de sports collectifs o\u00f9 le Coll\u00e8ge avait qualifi\u00e9 5 \u00e9quipes. Les Benjamines ont \u00e9t\u00e9 particuli\u00e8rement \u00e0 l&rsquo;honneur en remportant le titre de CHAMPIONNES D\u00e9partementales de FUTSAL.&nbsp; L&rsquo;\u00e9quipe \u00e9tait compos\u00e9e de :Manar Labrouzi, C\u00e9lia De Freitas, Lisa Busquet (cap), Khadija Mokhali, Camille Fredon, Loane Marguiller (bless\u00e9e) et R\u00e9mi Dauguet &hellip; <a href=\"https:\/\/www.jeanmoulinmarmande.fr\/?p=7264\" class=\"more-link\">Continuer la lecture de <span class=\"screen-reader-text\">Un mercredi de championnes et de champions<\/span>  <span class=\"meta-nav\">&rarr;<\/span><\/a><\/p>\n","protected":false},"author":3,"featured_media":0,"comment_status":"closed","ping_status":"open","sticky":false,"template":"","format":"standard","meta":{"ngg_post_thumbnail":0,"footnotes":""},"categories":[3,4],"tags":[],"class_list":["post-7264","post","type-post","status-publish","format-standard","hentry","category-activites","category-association-sportive"],"_links":{"self":[{"href":"https:\/\/www.jeanmoulinmarmande.fr\/index.php?rest_route=\/wp\/v2\/posts\/7264","targetHints":{"allow":["GET"]}}],"collection":[{"href":"https:\/\/www.jeanmoulinmarmande.fr\/index.php?rest_route=\/wp\/v2\/posts"}],"about":[{"href":"https:\/\/www.jeanmoulinmarmande.fr\/index.php?rest_route=\/wp\/v2\/types\/post"}],"author":[{"embeddable":true,"href":"https:\/\/www.jeanmoulinmarmande.fr\/index.php?rest_route=\/wp\/v2\/users\/3"}],"replies":[{"embeddable":true,"href":"https:\/\/www.jeanmoulinmarmande.fr\/index.php?rest_route=%2Fwp%2Fv2%2Fcomments&post=7264"}],"version-history":[{"count":5,"href":"https:\/\/www.jeanmoulinmarmande.fr\/index.php?rest_route=\/wp\/v2\/posts\/7264\/revisions"}],"predecessor-version":[{"id":7310,"href":"https:\/\/www.jeanmoulinmarmande.fr\/index.php?rest_route=\/wp\/v2\/posts\/7264\/revisions\/7310"}],"wp:attachment":[{"href":"https:\/\/www.jeanmoulinmarmande.fr\/index.php?rest_route=%2Fwp%2Fv2%2Fmedia&parent=7264"}],"wp:term":[{"taxonomy":"category","embeddable":true,"href":"https:\/\/www.jeanmoulinmarmande.fr\/index.php?rest_route=%2Fwp%2Fv2%2Fcategories&post=7264"},{"taxonomy":"post_tag","embeddable":true,"href":"https:\/\/www.jeanmoulinmarmande.fr\/index.php?rest_route=%2Fwp%2Fv2%2Ftags&post=7264"}],"curies":[{"name":"wp","href":"https:\/\/api.w.org\/{rel}","templated":true}]}}