{"id":7089,"date":"2019-01-28T17:48:53","date_gmt":"2019-01-28T16:48:53","guid":{"rendered":"http:\/\/www.jeanmoulinmarmande.fr\/?p=7089"},"modified":"2019-01-28T17:48:53","modified_gmt":"2019-01-28T16:48:53","slug":"atelier-ecriture","status":"publish","type":"post","link":"https:\/\/www.jeanmoulinmarmande.fr\/?p=7089","title":{"rendered":"Atelier Ecriture"},"content":{"rendered":"<p>Cette ann\u00e9e, le coll\u00e8ge Jean Moulin propose un atelier d\u2019\u00e9criture ouvert aux \u00e9l\u00e8ves volontaires de la 6<sup>e<\/sup> \u00e0 la 3<sup>e<\/sup>, dans la limite d\u2019une classe (28-29 \u00e9l\u00e8ves maximum). Cet atelier est coordonn\u00e9 et anim\u00e9 par Mme Clotis et R\u00e9my Boiron, com\u00e9dien et \u00e9crivain en r\u00e9sidence \u00e0 Marmande pendant 3 ans. R\u00e9my Boiron travaille aussi avec 3 classes du coll\u00e8ge dans le cadre des Brigades d\u2019Intervention Po\u00e9tique.<\/p>\n<p>Lors des deux premi\u00e8res s\u00e9ances de l\u2019atelier, le 4 d\u00e9cembre 2018 et le 25 janvier 2019, les \u00e9l\u00e8ves ont fait connaissance avec R\u00e9my et ont r\u00e9alis\u00e9 des exercices d\u2019\u00e9criture divers&nbsp;: ab\u00e9c\u00e9daire, mot-valise, expressions d\u00e9tourn\u00e9es, etc. Chaque s\u00e9ance commence par un \u00ab&nbsp;\u00e9chauffement&nbsp;\u00bb avant d\u2019amener peu \u00e0 peu les \u00e9l\u00e8ves \u00e0 produire un court texte de cr\u00e9ation. Bient\u00f4t, les \u00e9l\u00e8ves de l\u2019atelier iront \u00e9crire en m\u00e9diath\u00e8que, \u00e0 Marmande centre. Leurs \u00e9crits seront mis en valeur au sein du coll\u00e8ge Jean Moulin mais aussi \u00e0 la m\u00e9diath\u00e8que Albert Camus, partenaire de cet atelier.<\/p>\n<p>A bient\u00f4t pour d\u2019autres nouvelles&nbsp;!<\/p>\n<p>C.Clotis<\/p>\n<p><img loading=\"lazy\" decoding=\"async\" class=\"alignnone size-medium wp-image-7095\" src=\"http:\/\/www.jeanmoulinmarmande.fr\/wp-content\/uploads\/2019\/01\/20190125_144650-300x225.jpg\" alt=\"\" width=\"300\" height=\"225\" srcset=\"https:\/\/www.jeanmoulinmarmande.fr\/wp-content\/uploads\/2019\/01\/20190125_144650-300x225.jpg 300w, https:\/\/www.jeanmoulinmarmande.fr\/wp-content\/uploads\/2019\/01\/20190125_144650-150x113.jpg 150w, https:\/\/www.jeanmoulinmarmande.fr\/wp-content\/uploads\/2019\/01\/20190125_144650-768x576.jpg 768w, https:\/\/www.jeanmoulinmarmande.fr\/wp-content\/uploads\/2019\/01\/20190125_144650.jpg 800w\" sizes=\"auto, (max-width: 300px) 100vw, 300px\" \/><img loading=\"lazy\" decoding=\"async\" class=\"alignnone size-medium wp-image-7094\" src=\"http:\/\/www.jeanmoulinmarmande.fr\/wp-content\/uploads\/2019\/01\/20190125_144355-300x225.jpg\" alt=\"\" width=\"300\" height=\"225\" srcset=\"https:\/\/www.jeanmoulinmarmande.fr\/wp-content\/uploads\/2019\/01\/20190125_144355-300x225.jpg 300w, https:\/\/www.jeanmoulinmarmande.fr\/wp-content\/uploads\/2019\/01\/20190125_144355-150x113.jpg 150w, https:\/\/www.jeanmoulinmarmande.fr\/wp-content\/uploads\/2019\/01\/20190125_144355-768x576.jpg 768w, https:\/\/www.jeanmoulinmarmande.fr\/wp-content\/uploads\/2019\/01\/20190125_144355.jpg 800w\" sizes=\"auto, (max-width: 300px) 100vw, 300px\" \/><img loading=\"lazy\" decoding=\"async\" class=\"alignnone size-medium wp-image-7093\" src=\"http:\/\/www.jeanmoulinmarmande.fr\/wp-content\/uploads\/2019\/01\/20190125_144050-300x225.jpg\" alt=\"\" width=\"300\" height=\"225\" srcset=\"https:\/\/www.jeanmoulinmarmande.fr\/wp-content\/uploads\/2019\/01\/20190125_144050-300x225.jpg 300w, https:\/\/www.jeanmoulinmarmande.fr\/wp-content\/uploads\/2019\/01\/20190125_144050-150x113.jpg 150w, https:\/\/www.jeanmoulinmarmande.fr\/wp-content\/uploads\/2019\/01\/20190125_144050-768x576.jpg 768w, https:\/\/www.jeanmoulinmarmande.fr\/wp-content\/uploads\/2019\/01\/20190125_144050.jpg 800w\" sizes=\"auto, (max-width: 300px) 100vw, 300px\" \/><img loading=\"lazy\" decoding=\"async\" class=\"alignnone size-medium wp-image-7092\" src=\"http:\/\/www.jeanmoulinmarmande.fr\/wp-content\/uploads\/2019\/01\/20190125_143925-300x225.jpg\" alt=\"\" width=\"300\" height=\"225\" srcset=\"https:\/\/www.jeanmoulinmarmande.fr\/wp-content\/uploads\/2019\/01\/20190125_143925-300x225.jpg 300w, https:\/\/www.jeanmoulinmarmande.fr\/wp-content\/uploads\/2019\/01\/20190125_143925-150x113.jpg 150w, https:\/\/www.jeanmoulinmarmande.fr\/wp-content\/uploads\/2019\/01\/20190125_143925-768x576.jpg 768w, https:\/\/www.jeanmoulinmarmande.fr\/wp-content\/uploads\/2019\/01\/20190125_143925.jpg 800w\" sizes=\"auto, (max-width: 300px) 100vw, 300px\" \/><\/p>\n","protected":false},"excerpt":{"rendered":"<p>Cette ann\u00e9e, le coll\u00e8ge Jean Moulin propose un atelier d\u2019\u00e9criture ouvert aux \u00e9l\u00e8ves volontaires de la 6e \u00e0 la 3e, dans la limite d\u2019une classe (28-29 \u00e9l\u00e8ves maximum). Cet atelier est coordonn\u00e9 et anim\u00e9 par Mme Clotis et R\u00e9my Boiron, com\u00e9dien et \u00e9crivain en r\u00e9sidence \u00e0 Marmande pendant 3 ans. R\u00e9my Boiron travaille aussi avec &hellip; <a href=\"https:\/\/www.jeanmoulinmarmande.fr\/?p=7089\" class=\"more-link\">Continuer la lecture de <span class=\"screen-reader-text\">Atelier Ecriture<\/span>  <span class=\"meta-nav\">&rarr;<\/span><\/a><\/p>\n","protected":false},"author":3,"featured_media":7091,"comment_status":"closed","ping_status":"open","sticky":false,"template":"","format":"standard","meta":{"ngg_post_thumbnail":0,"footnotes":""},"categories":[3,122],"tags":[],"class_list":["post-7089","post","type-post","status-publish","format-standard","has-post-thumbnail","hentry","category-activites","category-atelier-ecriture"],"_links":{"self":[{"href":"https:\/\/www.jeanmoulinmarmande.fr\/index.php?rest_route=\/wp\/v2\/posts\/7089","targetHints":{"allow":["GET"]}}],"collection":[{"href":"https:\/\/www.jeanmoulinmarmande.fr\/index.php?rest_route=\/wp\/v2\/posts"}],"about":[{"href":"https:\/\/www.jeanmoulinmarmande.fr\/index.php?rest_route=\/wp\/v2\/types\/post"}],"author":[{"embeddable":true,"href":"https:\/\/www.jeanmoulinmarmande.fr\/index.php?rest_route=\/wp\/v2\/users\/3"}],"replies":[{"embeddable":true,"href":"https:\/\/www.jeanmoulinmarmande.fr\/index.php?rest_route=%2Fwp%2Fv2%2Fcomments&post=7089"}],"version-history":[{"count":2,"href":"https:\/\/www.jeanmoulinmarmande.fr\/index.php?rest_route=\/wp\/v2\/posts\/7089\/revisions"}],"predecessor-version":[{"id":7096,"href":"https:\/\/www.jeanmoulinmarmande.fr\/index.php?rest_route=\/wp\/v2\/posts\/7089\/revisions\/7096"}],"wp:featuredmedia":[{"embeddable":true,"href":"https:\/\/www.jeanmoulinmarmande.fr\/index.php?rest_route=\/wp\/v2\/media\/7091"}],"wp:attachment":[{"href":"https:\/\/www.jeanmoulinmarmande.fr\/index.php?rest_route=%2Fwp%2Fv2%2Fmedia&parent=7089"}],"wp:term":[{"taxonomy":"category","embeddable":true,"href":"https:\/\/www.jeanmoulinmarmande.fr\/index.php?rest_route=%2Fwp%2Fv2%2Fcategories&post=7089"},{"taxonomy":"post_tag","embeddable":true,"href":"https:\/\/www.jeanmoulinmarmande.fr\/index.php?rest_route=%2Fwp%2Fv2%2Ftags&post=7089"}],"curies":[{"name":"wp","href":"https:\/\/api.w.org\/{rel}","templated":true}]}}