{"id":687,"date":"2013-04-19T16:47:43","date_gmt":"2013-04-19T15:47:43","guid":{"rendered":"http:\/\/www.jeanmoulinmarmande.fr\/?p=687"},"modified":"2014-03-21T11:43:10","modified_gmt":"2014-03-21T10:43:10","slug":"course-contre-la-faim","status":"publish","type":"post","link":"https:\/\/www.jeanmoulinmarmande.fr\/?p=687","title":{"rendered":"Course contre la faim"},"content":{"rendered":"<p><span style=\"font-size: 16px\"><strong>La Course contre la faim \u00e9dition 2014 aura\u00a0 lieu le vendredi 28 mars de 10h \u00e0 12h.<\/strong><\/span><\/p>\n<p>11 classes du coll\u00e8ge volontaires vont y\u00a0 participer. Les \u00e9l\u00e8ves ont recherch\u00e9 dans leur entourage des personnes acceptant de les \u00ab\u00a0sponsoriser\u00a0\u00bb pour chaque km couru (avec un maximum de 10 kms). Apr\u00e8s la course, ils reviendront voir leurs sponsors avec une attestation indiquant combien de kms ils ont parcouru pour r\u00e9aliser la promesse de dons. Ces sommes seront revers\u00e9es \u00e0 l&rsquo;ONG\u00a0 Action contre la Faim.<\/p>\n","protected":false},"excerpt":{"rendered":"<p>La Course contre la faim \u00e9dition 2014 aura\u00a0 lieu le vendredi 28 mars de 10h \u00e0 12h. 11 classes du coll\u00e8ge volontaires vont y\u00a0 participer. Les \u00e9l\u00e8ves ont recherch\u00e9 dans leur entourage des personnes acceptant de les \u00ab\u00a0sponsoriser\u00a0\u00bb pour chaque km couru (avec un maximum de 10 kms). Apr\u00e8s la course, ils reviendront voir leurs &hellip; <a href=\"https:\/\/www.jeanmoulinmarmande.fr\/?p=687\" class=\"more-link\">Continuer la lecture de <span class=\"screen-reader-text\">Course contre la faim<\/span>  <span class=\"meta-nav\">&rarr;<\/span><\/a><\/p>\n","protected":false},"author":3,"featured_media":0,"comment_status":"closed","ping_status":"open","sticky":false,"template":"","format":"standard","meta":{"ngg_post_thumbnail":0,"footnotes":""},"categories":[8,63],"tags":[84,83],"class_list":["post-687","post","type-post","status-publish","format-standard","hentry","category-foyer-socio-educatif","category-vie-scolaire-2","tag-fse","tag-solidarite"],"_links":{"self":[{"href":"https:\/\/www.jeanmoulinmarmande.fr\/index.php?rest_route=\/wp\/v2\/posts\/687","targetHints":{"allow":["GET"]}}],"collection":[{"href":"https:\/\/www.jeanmoulinmarmande.fr\/index.php?rest_route=\/wp\/v2\/posts"}],"about":[{"href":"https:\/\/www.jeanmoulinmarmande.fr\/index.php?rest_route=\/wp\/v2\/types\/post"}],"author":[{"embeddable":true,"href":"https:\/\/www.jeanmoulinmarmande.fr\/index.php?rest_route=\/wp\/v2\/users\/3"}],"replies":[{"embeddable":true,"href":"https:\/\/www.jeanmoulinmarmande.fr\/index.php?rest_route=%2Fwp%2Fv2%2Fcomments&post=687"}],"version-history":[{"count":9,"href":"https:\/\/www.jeanmoulinmarmande.fr\/index.php?rest_route=\/wp\/v2\/posts\/687\/revisions"}],"predecessor-version":[{"id":1368,"href":"https:\/\/www.jeanmoulinmarmande.fr\/index.php?rest_route=\/wp\/v2\/posts\/687\/revisions\/1368"}],"wp:attachment":[{"href":"https:\/\/www.jeanmoulinmarmande.fr\/index.php?rest_route=%2Fwp%2Fv2%2Fmedia&parent=687"}],"wp:term":[{"taxonomy":"category","embeddable":true,"href":"https:\/\/www.jeanmoulinmarmande.fr\/index.php?rest_route=%2Fwp%2Fv2%2Fcategories&post=687"},{"taxonomy":"post_tag","embeddable":true,"href":"https:\/\/www.jeanmoulinmarmande.fr\/index.php?rest_route=%2Fwp%2Fv2%2Ftags&post=687"}],"curies":[{"name":"wp","href":"https:\/\/api.w.org\/{rel}","templated":true}]}}