{"id":6597,"date":"2018-11-07T12:40:57","date_gmt":"2018-11-07T11:40:57","guid":{"rendered":"http:\/\/www.jeanmoulinmarmande.fr\/?p=6597"},"modified":"2018-11-07T12:40:57","modified_gmt":"2018-11-07T11:40:57","slug":"le-nouveau-maire-de-valladolid","status":"publish","type":"post","link":"https:\/\/www.jeanmoulinmarmande.fr\/?p=6597","title":{"rendered":"Le nouveau maire de Valladolid&#8230;"},"content":{"rendered":"<p style=\"text-align: right\"><img loading=\"lazy\" decoding=\"async\" class=\"alignnone size-medium wp-image-6603\" src=\"http:\/\/www.jeanmoulinmarmande.fr\/wp-content\/uploads\/2018\/11\/20181107_101843-300x225.jpg\" alt=\"\" width=\"300\" height=\"225\" srcset=\"https:\/\/www.jeanmoulinmarmande.fr\/wp-content\/uploads\/2018\/11\/20181107_101843-300x225.jpg 300w, https:\/\/www.jeanmoulinmarmande.fr\/wp-content\/uploads\/2018\/11\/20181107_101843-150x113.jpg 150w, https:\/\/www.jeanmoulinmarmande.fr\/wp-content\/uploads\/2018\/11\/20181107_101843-768x576.jpg 768w, https:\/\/www.jeanmoulinmarmande.fr\/wp-content\/uploads\/2018\/11\/20181107_101843-1024x768.jpg 1024w\" sizes=\"auto, (max-width: 300px) 100vw, 300px\" \/><img loading=\"lazy\" decoding=\"async\" class=\"alignnone size-medium wp-image-6604\" src=\"http:\/\/www.jeanmoulinmarmande.fr\/wp-content\/uploads\/2018\/11\/IMG_69841-300x225.jpg\" alt=\"\" width=\"300\" height=\"225\" srcset=\"https:\/\/www.jeanmoulinmarmande.fr\/wp-content\/uploads\/2018\/11\/IMG_69841-300x225.jpg 300w, https:\/\/www.jeanmoulinmarmande.fr\/wp-content\/uploads\/2018\/11\/IMG_69841-150x113.jpg 150w, https:\/\/www.jeanmoulinmarmande.fr\/wp-content\/uploads\/2018\/11\/IMG_69841.jpg 640w\" sizes=\"auto, (max-width: 300px) 100vw, 300px\" \/><img loading=\"lazy\" decoding=\"async\" class=\"alignnone size-medium wp-image-6605\" src=\"http:\/\/www.jeanmoulinmarmande.fr\/wp-content\/uploads\/2018\/11\/IMG_69831-300x225.jpg\" alt=\"\" width=\"300\" height=\"225\" srcset=\"https:\/\/www.jeanmoulinmarmande.fr\/wp-content\/uploads\/2018\/11\/IMG_69831-300x225.jpg 300w, https:\/\/www.jeanmoulinmarmande.fr\/wp-content\/uploads\/2018\/11\/IMG_69831-150x113.jpg 150w, https:\/\/www.jeanmoulinmarmande.fr\/wp-content\/uploads\/2018\/11\/IMG_69831.jpg 640w\" sizes=\"auto, (max-width: 300px) 100vw, 300px\" \/><img loading=\"lazy\" decoding=\"async\" class=\"alignnone size-medium wp-image-6606\" src=\"http:\/\/www.jeanmoulinmarmande.fr\/wp-content\/uploads\/2018\/11\/IMG_69821-300x225.jpg\" alt=\"\" width=\"300\" height=\"225\" srcset=\"https:\/\/www.jeanmoulinmarmande.fr\/wp-content\/uploads\/2018\/11\/IMG_69821-300x225.jpg 300w, https:\/\/www.jeanmoulinmarmande.fr\/wp-content\/uploads\/2018\/11\/IMG_69821-150x113.jpg 150w, https:\/\/www.jeanmoulinmarmande.fr\/wp-content\/uploads\/2018\/11\/IMG_69821.jpg 640w\" sizes=\"auto, (max-width: 300px) 100vw, 300px\" \/><img loading=\"lazy\" decoding=\"async\" class=\"alignnone size-medium wp-image-6607\" src=\"http:\/\/www.jeanmoulinmarmande.fr\/wp-content\/uploads\/2018\/11\/IMG_06171-225x300.jpg\" alt=\"\" width=\"225\" height=\"300\" srcset=\"https:\/\/www.jeanmoulinmarmande.fr\/wp-content\/uploads\/2018\/11\/IMG_06171-225x300.jpg 225w, https:\/\/www.jeanmoulinmarmande.fr\/wp-content\/uploads\/2018\/11\/IMG_06171-113x150.jpg 113w, https:\/\/www.jeanmoulinmarmande.fr\/wp-content\/uploads\/2018\/11\/IMG_06171-768x1024.jpg 768w, https:\/\/www.jeanmoulinmarmande.fr\/wp-content\/uploads\/2018\/11\/IMG_06171.jpg 1536w\" sizes=\"auto, (max-width: 225px) 100vw, 225px\" \/><img loading=\"lazy\" decoding=\"async\" class=\"alignnone size-medium wp-image-6602\" src=\"http:\/\/www.jeanmoulinmarmande.fr\/wp-content\/uploads\/2018\/11\/20181107_105002-300x225.jpg\" alt=\"\" width=\"300\" height=\"225\" srcset=\"https:\/\/www.jeanmoulinmarmande.fr\/wp-content\/uploads\/2018\/11\/20181107_105002-300x225.jpg 300w, https:\/\/www.jeanmoulinmarmande.fr\/wp-content\/uploads\/2018\/11\/20181107_105002-150x113.jpg 150w, https:\/\/www.jeanmoulinmarmande.fr\/wp-content\/uploads\/2018\/11\/20181107_105002-768x576.jpg 768w, https:\/\/www.jeanmoulinmarmande.fr\/wp-content\/uploads\/2018\/11\/20181107_105002-1024x768.jpg 1024w\" sizes=\"auto, (max-width: 300px) 100vw, 300px\" \/>Bonjour, aujourd&rsquo;hui nous avons \u00e9t\u00e9 re\u00e7u \u00e0 la mairie de Valladolid. On nous a expliqu\u00e9 le fonctionnement politique de la ville et nous avons particip\u00e9 \u00e0 un d\u00e9bat \u00e0 propos de l&rsquo;\u00e2ge l\u00e9gal pour avoir le droit de vote. C&rsquo;est Clara qui a jou\u00e9 le r\u00f4le du maire! Les \u00e9l\u00e8ves se sont d\u00e9cid\u00e9s pour un droit de vote \u00e0 16 ans. Ensuite, nous avons pris un bus touristique pour faire le tour des diff\u00e9rents sites importants de Valladolid.<\/p>\n","protected":false},"excerpt":{"rendered":"<p>Bonjour, aujourd&rsquo;hui nous avons \u00e9t\u00e9 re\u00e7u \u00e0 la mairie de Valladolid. On nous a expliqu\u00e9 le fonctionnement politique de la ville et nous avons particip\u00e9 \u00e0 un d\u00e9bat \u00e0 propos de l&rsquo;\u00e2ge l\u00e9gal pour avoir le droit de vote. C&rsquo;est Clara qui a jou\u00e9 le r\u00f4le du maire! Les \u00e9l\u00e8ves se sont d\u00e9cid\u00e9s pour un &hellip; <a href=\"https:\/\/www.jeanmoulinmarmande.fr\/?p=6597\" class=\"more-link\">Continuer la lecture de <span class=\"screen-reader-text\">Le nouveau maire de Valladolid&#8230;<\/span>  <span class=\"meta-nav\">&rarr;<\/span><\/a><\/p>\n","protected":false},"author":80,"featured_media":0,"comment_status":"closed","ping_status":"open","sticky":false,"template":"","format":"standard","meta":{"ngg_post_thumbnail":0,"footnotes":""},"categories":[62],"tags":[],"class_list":["post-6597","post","type-post","status-publish","format-standard","hentry","category-info-generales"],"_links":{"self":[{"href":"https:\/\/www.jeanmoulinmarmande.fr\/index.php?rest_route=\/wp\/v2\/posts\/6597","targetHints":{"allow":["GET"]}}],"collection":[{"href":"https:\/\/www.jeanmoulinmarmande.fr\/index.php?rest_route=\/wp\/v2\/posts"}],"about":[{"href":"https:\/\/www.jeanmoulinmarmande.fr\/index.php?rest_route=\/wp\/v2\/types\/post"}],"author":[{"embeddable":true,"href":"https:\/\/www.jeanmoulinmarmande.fr\/index.php?rest_route=\/wp\/v2\/users\/80"}],"replies":[{"embeddable":true,"href":"https:\/\/www.jeanmoulinmarmande.fr\/index.php?rest_route=%2Fwp%2Fv2%2Fcomments&post=6597"}],"version-history":[{"count":3,"href":"https:\/\/www.jeanmoulinmarmande.fr\/index.php?rest_route=\/wp\/v2\/posts\/6597\/revisions"}],"predecessor-version":[{"id":6608,"href":"https:\/\/www.jeanmoulinmarmande.fr\/index.php?rest_route=\/wp\/v2\/posts\/6597\/revisions\/6608"}],"wp:attachment":[{"href":"https:\/\/www.jeanmoulinmarmande.fr\/index.php?rest_route=%2Fwp%2Fv2%2Fmedia&parent=6597"}],"wp:term":[{"taxonomy":"category","embeddable":true,"href":"https:\/\/www.jeanmoulinmarmande.fr\/index.php?rest_route=%2Fwp%2Fv2%2Fcategories&post=6597"},{"taxonomy":"post_tag","embeddable":true,"href":"https:\/\/www.jeanmoulinmarmande.fr\/index.php?rest_route=%2Fwp%2Fv2%2Ftags&post=6597"}],"curies":[{"name":"wp","href":"https:\/\/api.w.org\/{rel}","templated":true}]}}