{"id":6540,"date":"2018-10-01T18:05:53","date_gmt":"2018-10-01T16:05:53","guid":{"rendered":"http:\/\/www.jeanmoulinmarmande.fr\/?p=6540"},"modified":"2018-10-01T18:05:53","modified_gmt":"2018-10-01T16:05:53","slug":"du-47-dans-nos-asssiettes","status":"publish","type":"post","link":"https:\/\/www.jeanmoulinmarmande.fr\/?p=6540","title":{"rendered":"Du 47 dans nos asssiettes"},"content":{"rendered":"<p><em>&nbsp;Lorsqu\u2019ils mangent au restaurant scolaire, vos enfants consomment (plus particuli\u00e8rement depuis ces deux derni\u00e8res ann\u00e9es) des produits de qualit\u00e9, frais, issus pour leur grande majorit\u00e9 de l\u2019agriculture de proximit\u00e9 et b\u00e9n\u00e9ficient du travail et de l\u2019engagement professionnel des cuisiniers des coll\u00e8ges. <\/em><\/p>\n<p><em>Le D\u00e9partement, qui a mis en place le programme \u00ab&nbsp;Du 47 dans vos assiettes&nbsp;\u00bb, a le plaisir de vous adresser au format num\u00e9rique une plaquette de pr\u00e9sentation de ce programme qui contribue \u00e0 une alimentation saine, responsable et solidaire dans les coll\u00e8ges.<\/em><\/p>\n<a href=\"https:\/\/www.jeanmoulinmarmande.fr\/wp-content\/uploads\/2018\/10\/Plaquette-Du47-sept2018-web.pdf\" class=\"pdfemb-viewer\" style=\"\" data-width=\"max\" data-height=\"max\" data-toolbar=\"bottom\" data-toolbar-fixed=\"on\">Plaquette Du47-sept2018-web<\/a>\n","protected":false},"excerpt":{"rendered":"<p>&nbsp;Lorsqu\u2019ils mangent au restaurant scolaire, vos enfants consomment (plus particuli\u00e8rement depuis ces deux derni\u00e8res ann\u00e9es) des produits de qualit\u00e9, frais, issus pour leur grande majorit\u00e9 de l\u2019agriculture de proximit\u00e9 et b\u00e9n\u00e9ficient du travail et de l\u2019engagement professionnel des cuisiniers des coll\u00e8ges. Le D\u00e9partement, qui a mis en place le programme \u00ab&nbsp;Du 47 dans vos assiettes&nbsp;\u00bb, &hellip; <a href=\"https:\/\/www.jeanmoulinmarmande.fr\/?p=6540\" class=\"more-link\">Continuer la lecture de <span class=\"screen-reader-text\">Du 47 dans nos asssiettes<\/span>  <span class=\"meta-nav\">&rarr;<\/span><\/a><\/p>\n","protected":false},"author":3,"featured_media":0,"comment_status":"closed","ping_status":"open","sticky":false,"template":"","format":"standard","meta":{"ngg_post_thumbnail":0,"footnotes":""},"categories":[62],"tags":[],"class_list":["post-6540","post","type-post","status-publish","format-standard","hentry","category-info-generales"],"_links":{"self":[{"href":"https:\/\/www.jeanmoulinmarmande.fr\/index.php?rest_route=\/wp\/v2\/posts\/6540","targetHints":{"allow":["GET"]}}],"collection":[{"href":"https:\/\/www.jeanmoulinmarmande.fr\/index.php?rest_route=\/wp\/v2\/posts"}],"about":[{"href":"https:\/\/www.jeanmoulinmarmande.fr\/index.php?rest_route=\/wp\/v2\/types\/post"}],"author":[{"embeddable":true,"href":"https:\/\/www.jeanmoulinmarmande.fr\/index.php?rest_route=\/wp\/v2\/users\/3"}],"replies":[{"embeddable":true,"href":"https:\/\/www.jeanmoulinmarmande.fr\/index.php?rest_route=%2Fwp%2Fv2%2Fcomments&post=6540"}],"version-history":[{"count":2,"href":"https:\/\/www.jeanmoulinmarmande.fr\/index.php?rest_route=\/wp\/v2\/posts\/6540\/revisions"}],"predecessor-version":[{"id":6543,"href":"https:\/\/www.jeanmoulinmarmande.fr\/index.php?rest_route=\/wp\/v2\/posts\/6540\/revisions\/6543"}],"wp:attachment":[{"href":"https:\/\/www.jeanmoulinmarmande.fr\/index.php?rest_route=%2Fwp%2Fv2%2Fmedia&parent=6540"}],"wp:term":[{"taxonomy":"category","embeddable":true,"href":"https:\/\/www.jeanmoulinmarmande.fr\/index.php?rest_route=%2Fwp%2Fv2%2Fcategories&post=6540"},{"taxonomy":"post_tag","embeddable":true,"href":"https:\/\/www.jeanmoulinmarmande.fr\/index.php?rest_route=%2Fwp%2Fv2%2Ftags&post=6540"}],"curies":[{"name":"wp","href":"https:\/\/api.w.org\/{rel}","templated":true}]}}