{"id":645,"date":"2013-04-12T07:40:46","date_gmt":"2013-04-12T06:40:46","guid":{"rendered":"http:\/\/www.jeanmoulinmarmande.fr\/?p=645"},"modified":"2013-04-12T07:44:57","modified_gmt":"2013-04-12T06:44:57","slug":"forum-de-lespoir-des-climacteurs-europeens-du-18-au-24-avril-2013","status":"publish","type":"post","link":"https:\/\/www.jeanmoulinmarmande.fr\/?p=645","title":{"rendered":"FORUM DE L\u2019ESPOIR DES CLIM\u2019ACTEURS EUROPEENS du 18 au 24 avril 2013"},"content":{"rendered":"<p><a href=\"http:\/\/www.jeanmoulinmarmande.fr\/wp-content\/uploads\/2013\/04\/banderole415.jpg\"><img loading=\"lazy\" decoding=\"async\" class=\"aligncenter size-medium wp-image-648\" alt=\"banderole415\" src=\"http:\/\/www.jeanmoulinmarmande.fr\/wp-content\/uploads\/2013\/04\/banderole415-300x116.jpg\" width=\"300\" height=\"116\" srcset=\"https:\/\/www.jeanmoulinmarmande.fr\/wp-content\/uploads\/2013\/04\/banderole415-300x116.jpg 300w, https:\/\/www.jeanmoulinmarmande.fr\/wp-content\/uploads\/2013\/04\/banderole415-150x58.jpg 150w, https:\/\/www.jeanmoulinmarmande.fr\/wp-content\/uploads\/2013\/04\/banderole415.jpg 400w\" sizes=\"auto, (max-width: 300px) 100vw, 300px\" \/><\/a><\/p>\n<p>Apr\u00e8s 2 ans d\u2019\u00e9changes avec ses partenaires europ\u00e9ens, le\u00a0 coll\u00e8ge Jean Moulin a l\u2019honneur de recevoir ses amis norv\u00e9giens, italiens, allemands et espagnols dans le cadre du Forum de l\u2019Espoir Clim\u2019acteurs.<\/p>\n<p>Nous sommes pr\u00eats pour une semaine riche en rencontres, r\u00e9flexions sur le d\u00e9veloppement durable et visites du patrimoine.<\/p>\n<p>Un grand merci \u00e0 toutes les familles qui accueillent les 57 correspondants et \u00e0 tous ceux gr\u00e2ce \u00e0 qui ce forum peut exister\u00a0!<\/p>\n","protected":false},"excerpt":{"rendered":"<p>Apr\u00e8s 2 ans d\u2019\u00e9changes avec ses partenaires europ\u00e9ens, le\u00a0 coll\u00e8ge Jean Moulin a l\u2019honneur de recevoir ses amis norv\u00e9giens, italiens, allemands et espagnols dans le cadre du Forum de l\u2019Espoir Clim\u2019acteurs. Nous sommes pr\u00eats pour une semaine riche en rencontres, r\u00e9flexions sur le d\u00e9veloppement durable et visites du patrimoine. Un grand merci \u00e0 toutes les &hellip; <a href=\"https:\/\/www.jeanmoulinmarmande.fr\/?p=645\" class=\"more-link\">Continuer la lecture de <span class=\"screen-reader-text\">FORUM DE L\u2019ESPOIR DES CLIM\u2019ACTEURS EUROPEENS du 18 au 24 avril 2013<\/span>  <span class=\"meta-nav\">&rarr;<\/span><\/a><\/p>\n","protected":false},"author":3,"featured_media":648,"comment_status":"closed","ping_status":"open","sticky":false,"template":"","format":"standard","meta":{"ngg_post_thumbnail":0,"footnotes":""},"categories":[3,74],"tags":[],"class_list":["post-645","post","type-post","status-publish","format-standard","has-post-thumbnail","hentry","category-activites","category-comenius"],"_links":{"self":[{"href":"https:\/\/www.jeanmoulinmarmande.fr\/index.php?rest_route=\/wp\/v2\/posts\/645","targetHints":{"allow":["GET"]}}],"collection":[{"href":"https:\/\/www.jeanmoulinmarmande.fr\/index.php?rest_route=\/wp\/v2\/posts"}],"about":[{"href":"https:\/\/www.jeanmoulinmarmande.fr\/index.php?rest_route=\/wp\/v2\/types\/post"}],"author":[{"embeddable":true,"href":"https:\/\/www.jeanmoulinmarmande.fr\/index.php?rest_route=\/wp\/v2\/users\/3"}],"replies":[{"embeddable":true,"href":"https:\/\/www.jeanmoulinmarmande.fr\/index.php?rest_route=%2Fwp%2Fv2%2Fcomments&post=645"}],"version-history":[{"count":7,"href":"https:\/\/www.jeanmoulinmarmande.fr\/index.php?rest_route=\/wp\/v2\/posts\/645\/revisions"}],"predecessor-version":[{"id":654,"href":"https:\/\/www.jeanmoulinmarmande.fr\/index.php?rest_route=\/wp\/v2\/posts\/645\/revisions\/654"}],"wp:featuredmedia":[{"embeddable":true,"href":"https:\/\/www.jeanmoulinmarmande.fr\/index.php?rest_route=\/wp\/v2\/media\/648"}],"wp:attachment":[{"href":"https:\/\/www.jeanmoulinmarmande.fr\/index.php?rest_route=%2Fwp%2Fv2%2Fmedia&parent=645"}],"wp:term":[{"taxonomy":"category","embeddable":true,"href":"https:\/\/www.jeanmoulinmarmande.fr\/index.php?rest_route=%2Fwp%2Fv2%2Fcategories&post=645"},{"taxonomy":"post_tag","embeddable":true,"href":"https:\/\/www.jeanmoulinmarmande.fr\/index.php?rest_route=%2Fwp%2Fv2%2Ftags&post=645"}],"curies":[{"name":"wp","href":"https:\/\/api.w.org\/{rel}","templated":true}]}}