{"id":6338,"date":"2018-06-22T19:02:29","date_gmt":"2018-06-22T17:02:29","guid":{"rendered":"http:\/\/www.jeanmoulinmarmande.fr\/?p=6338"},"modified":"2018-06-22T19:02:29","modified_gmt":"2018-06-22T17:02:29","slug":"prix-litteraire-jean-moulin","status":"publish","type":"post","link":"https:\/\/www.jeanmoulinmarmande.fr\/?p=6338","title":{"rendered":"Prix litt\u00e9raire Jean Moulin"},"content":{"rendered":"<p class=\"Standard\" style=\"text-align: justify; text-justify: inter-ideograph; text-indent: 36.75pt;\">Aujourd&rsquo;hui, jeudi 21 juin 2018, les \u00e9l\u00e8ves de quatri\u00e8me qui avaient choisi de repr\u00e9senter leur classe au d\u00e9bat final du Prix Litt\u00e9raire Jean Moulin ont \u00e9t\u00e9 r\u00e9unis par leurs professeurs de Lettres Mmes Lestang, Clotis et Delattre ainsi que leur professeur documentaliste Mme Patenotte, de 13h \u00e0 14h au C.D.I. Il s&rsquo;agissait de pr\u00e9senter les raisons pour lesquelles la classe avait \u00e9lu tel ou tel livre. Les deux romans \u00e9lus par l&rsquo;ensemble des coll\u00e9giens du niveau quatri\u00e8me \u00e9taient&nbsp;:<i> Billie H. <\/i>de Louis Atangana et <i>Reborn<\/i> de Thierry Robberecht, qui a emport\u00e9 le plus de voix. Le premier \u00e9voque l&rsquo;enfance difficile de Billie Holiday, la force de caract\u00e8re de cette jeune fille devenue la grande chanteuse de jazz que l&rsquo;on conna\u00eet. Le second, qui a obtenu le Prix, est un roman de science-fiction qui pointe de fa\u00e7on biais\u00e9e une probl\u00e9matique actuelle&nbsp;: les migrants et la fa\u00e7on dont on les accueille en Europe. Les \u00e9l\u00e8ves r\u00e9unis ont montr\u00e9 qu&rsquo;ils pouvaient accueillir un discours sans couper la parole, r\u00e9gir aux arguments donn\u00e9s, proposer un point de vue personnel ou diff\u00e9rent et sugg\u00e9rer des pistes pour le prix litt\u00e9raire 2019. La s\u00e9ance a donc \u00e9t\u00e9 particuli\u00e8rement constructive car les volontaires qui se sont pr\u00e9sent\u00e9s ont os\u00e9 s&rsquo;exprimer devant un public de professeurs et de pairs tout en ma\u00eetrisant les comp\u00e9tences d&rsquo;oral travaill\u00e9es tout au long de l&rsquo;ann\u00e9e en cours de fran\u00e7ais et en A.P. Les professeurs ont not\u00e9 les suggestions des \u00e9l\u00e8ves quant au prochain Prix Litt\u00e9raire et vont bient\u00f4t se r\u00e9unir pour y r\u00e9fl\u00e9chir.<\/p>\n<p class=\"Standard\" style=\"text-align: justify; text-justify: inter-ideograph; text-indent: 36.75pt;\">Rendez-vous \u00e0 la prochaine rentr\u00e9e pour d\u00e9couvrir la nouvelle s\u00e9lection&nbsp;!<\/p>\nngg_shortcode_0_placeholder\n","protected":false},"excerpt":{"rendered":"<p>Aujourd&rsquo;hui, jeudi 21 juin 2018, les \u00e9l\u00e8ves de quatri\u00e8me qui avaient choisi de repr\u00e9senter leur classe au d\u00e9bat final du Prix Litt\u00e9raire Jean Moulin ont \u00e9t\u00e9 r\u00e9unis par leurs professeurs de Lettres Mmes Lestang, Clotis et Delattre ainsi que leur professeur documentaliste Mme Patenotte, de 13h \u00e0 14h au C.D.I. Il s&rsquo;agissait de pr\u00e9senter les &hellip; <a href=\"https:\/\/www.jeanmoulinmarmande.fr\/?p=6338\" class=\"more-link\">Continuer la lecture de <span class=\"screen-reader-text\">Prix litt\u00e9raire Jean Moulin<\/span>  <span class=\"meta-nav\">&rarr;<\/span><\/a><\/p>\n","protected":false},"author":3,"featured_media":6352,"comment_status":"closed","ping_status":"open","sticky":false,"template":"","format":"standard","meta":{"ngg_post_thumbnail":0,"footnotes":""},"categories":[62],"tags":[],"class_list":["post-6338","post","type-post","status-publish","format-standard","has-post-thumbnail","hentry","category-info-generales"],"_links":{"self":[{"href":"https:\/\/www.jeanmoulinmarmande.fr\/index.php?rest_route=\/wp\/v2\/posts\/6338","targetHints":{"allow":["GET"]}}],"collection":[{"href":"https:\/\/www.jeanmoulinmarmande.fr\/index.php?rest_route=\/wp\/v2\/posts"}],"about":[{"href":"https:\/\/www.jeanmoulinmarmande.fr\/index.php?rest_route=\/wp\/v2\/types\/post"}],"author":[{"embeddable":true,"href":"https:\/\/www.jeanmoulinmarmande.fr\/index.php?rest_route=\/wp\/v2\/users\/3"}],"replies":[{"embeddable":true,"href":"https:\/\/www.jeanmoulinmarmande.fr\/index.php?rest_route=%2Fwp%2Fv2%2Fcomments&post=6338"}],"version-history":[{"count":2,"href":"https:\/\/www.jeanmoulinmarmande.fr\/index.php?rest_route=\/wp\/v2\/posts\/6338\/revisions"}],"predecessor-version":[{"id":6353,"href":"https:\/\/www.jeanmoulinmarmande.fr\/index.php?rest_route=\/wp\/v2\/posts\/6338\/revisions\/6353"}],"wp:featuredmedia":[{"embeddable":true,"href":"https:\/\/www.jeanmoulinmarmande.fr\/index.php?rest_route=\/wp\/v2\/media\/6352"}],"wp:attachment":[{"href":"https:\/\/www.jeanmoulinmarmande.fr\/index.php?rest_route=%2Fwp%2Fv2%2Fmedia&parent=6338"}],"wp:term":[{"taxonomy":"category","embeddable":true,"href":"https:\/\/www.jeanmoulinmarmande.fr\/index.php?rest_route=%2Fwp%2Fv2%2Fcategories&post=6338"},{"taxonomy":"post_tag","embeddable":true,"href":"https:\/\/www.jeanmoulinmarmande.fr\/index.php?rest_route=%2Fwp%2Fv2%2Ftags&post=6338"}],"curies":[{"name":"wp","href":"https:\/\/api.w.org\/{rel}","templated":true}]}}