{"id":6217,"date":"2018-06-01T20:52:17","date_gmt":"2018-06-01T18:52:17","guid":{"rendered":"http:\/\/www.jeanmoulinmarmande.fr\/?p=6217"},"modified":"2018-06-01T20:52:17","modified_gmt":"2018-06-01T18:52:17","slug":"levee-dinterdiction-de-transports-scolaires","status":"publish","type":"post","link":"https:\/\/www.jeanmoulinmarmande.fr\/?p=6217","title":{"rendered":"Lev\u00e9e d&rsquo;interdiction de transports scolaires"},"content":{"rendered":"<a href=\"https:\/\/www.jeanmoulinmarmande.fr\/wp-content\/uploads\/2018\/06\/Arr\u00eat\u00e9-pr\u00e9fectoral-portant-lev\u00e9e-d-interdiction-de-circulation-des-transports-scolaires-et-des-transports-en-commun.pdf\" class=\"pdfemb-viewer\" style=\"\" data-width=\"max\" data-height=\"max\" data-toolbar=\"bottom\" data-toolbar-fixed=\"on\">Arr\u00eat\u00e9 pr\u00e9fectoral portant lev\u00e9e d interdiction de circulation des transports scolaires et des transports en commun<\/a>\n","protected":false},"excerpt":{"rendered":"","protected":false},"author":3,"featured_media":0,"comment_status":"closed","ping_status":"open","sticky":false,"template":"","format":"standard","meta":{"ngg_post_thumbnail":0,"footnotes":""},"categories":[62],"tags":[],"class_list":["post-6217","post","type-post","status-publish","format-standard","hentry","category-info-generales"],"_links":{"self":[{"href":"https:\/\/www.jeanmoulinmarmande.fr\/index.php?rest_route=\/wp\/v2\/posts\/6217","targetHints":{"allow":["GET"]}}],"collection":[{"href":"https:\/\/www.jeanmoulinmarmande.fr\/index.php?rest_route=\/wp\/v2\/posts"}],"about":[{"href":"https:\/\/www.jeanmoulinmarmande.fr\/index.php?rest_route=\/wp\/v2\/types\/post"}],"author":[{"embeddable":true,"href":"https:\/\/www.jeanmoulinmarmande.fr\/index.php?rest_route=\/wp\/v2\/users\/3"}],"replies":[{"embeddable":true,"href":"https:\/\/www.jeanmoulinmarmande.fr\/index.php?rest_route=%2Fwp%2Fv2%2Fcomments&post=6217"}],"version-history":[{"count":1,"href":"https:\/\/www.jeanmoulinmarmande.fr\/index.php?rest_route=\/wp\/v2\/posts\/6217\/revisions"}],"predecessor-version":[{"id":6218,"href":"https:\/\/www.jeanmoulinmarmande.fr\/index.php?rest_route=\/wp\/v2\/posts\/6217\/revisions\/6218"}],"wp:attachment":[{"href":"https:\/\/www.jeanmoulinmarmande.fr\/index.php?rest_route=%2Fwp%2Fv2%2Fmedia&parent=6217"}],"wp:term":[{"taxonomy":"category","embeddable":true,"href":"https:\/\/www.jeanmoulinmarmande.fr\/index.php?rest_route=%2Fwp%2Fv2%2Fcategories&post=6217"},{"taxonomy":"post_tag","embeddable":true,"href":"https:\/\/www.jeanmoulinmarmande.fr\/index.php?rest_route=%2Fwp%2Fv2%2Ftags&post=6217"}],"curies":[{"name":"wp","href":"https:\/\/api.w.org\/{rel}","templated":true}]}}