{"id":5956,"date":"2018-01-17T11:53:13","date_gmt":"2018-01-17T10:53:13","guid":{"rendered":"http:\/\/www.jeanmoulinmarmande.fr\/?p=5956"},"modified":"2018-01-17T11:53:13","modified_gmt":"2018-01-17T10:53:13","slug":"champ-professionnel-habitat","status":"publish","type":"post","link":"https:\/\/www.jeanmoulinmarmande.fr\/?p=5956","title":{"rendered":"Champ professionnel &lsquo;habitat\u00a0\u00bb"},"content":{"rendered":"<p>Les \u00e9l\u00e8ves du champ professionnel \u00ab\u00a0Habitat\u00a0\u00bb ont fabriqu\u00e9 un banc, un fauteuil et une table qui ont permis d&rsquo;organiser un espace lecture en salle segpa3. Nous avons utilis\u00e9 des palettes, des clous, des vis et de la peinture.<\/p>\n<p>Le vendredi 22 d\u00e9cembre, accompagn\u00e9s par Mme Flandrin, nous sommes venus en salle segpa3 faire la surprise \u00e0 Mme Lacombe.<\/p>\n<p>&nbsp; &nbsp; &nbsp;&nbsp;&nbsp; &nbsp; &nbsp; &nbsp; &nbsp; &nbsp; &nbsp; &nbsp;Eva, Maryline, Ibtissem, Lamia, Andy, Romain, R\u00e9mi, Michel.<\/p>\n<p>La classe Segpa 2 a aussi \u00e9t\u00e9 enrichie d&rsquo;un coin lecture fabriqu\u00e9 par Enzo de 3\u00e8me7.<\/p>\n<p>Les livres ont ainsi un espace d\u00e9di\u00e9, nous ne doutons pas qu&rsquo;ils susciteront l&rsquo;envie de lire chez les \u00e9l\u00e8ves.<\/p>\n<p><i>Val\u00e9rie Baudet<\/i><br \/>\n<i>Directrice de la Segpa<\/i><br \/>\n<i>Coll\u00e8ge Jean Moulin Marmande<\/i><\/p>\nngg_shortcode_0_placeholder\n<blockquote>\n<div class=\"yj6qo\">&nbsp;<\/div>\n<div class=\"adL\">&nbsp;<\/div>\n<\/blockquote>\n","protected":false},"excerpt":{"rendered":"<p>Les \u00e9l\u00e8ves du champ professionnel \u00ab\u00a0Habitat\u00a0\u00bb ont fabriqu\u00e9 un banc, un fauteuil et une table qui ont permis d&rsquo;organiser un espace lecture en salle segpa3. Nous avons utilis\u00e9 des palettes, des clous, des vis et de la peinture. Le vendredi 22 d\u00e9cembre, accompagn\u00e9s par Mme Flandrin, nous sommes venus en salle segpa3 faire la surprise &hellip; <a href=\"https:\/\/www.jeanmoulinmarmande.fr\/?p=5956\" class=\"more-link\">Continuer la lecture de <span class=\"screen-reader-text\">Champ professionnel &lsquo;habitat\u00a0\u00bb<\/span>  <span class=\"meta-nav\">&rarr;<\/span><\/a><\/p>\n","protected":false},"author":3,"featured_media":5970,"comment_status":"closed","ping_status":"open","sticky":false,"template":"","format":"standard","meta":{"ngg_post_thumbnail":0,"footnotes":""},"categories":[67],"tags":[],"class_list":["post-5956","post","type-post","status-publish","format-standard","has-post-thumbnail","hentry","category-segpa-activites"],"_links":{"self":[{"href":"https:\/\/www.jeanmoulinmarmande.fr\/index.php?rest_route=\/wp\/v2\/posts\/5956","targetHints":{"allow":["GET"]}}],"collection":[{"href":"https:\/\/www.jeanmoulinmarmande.fr\/index.php?rest_route=\/wp\/v2\/posts"}],"about":[{"href":"https:\/\/www.jeanmoulinmarmande.fr\/index.php?rest_route=\/wp\/v2\/types\/post"}],"author":[{"embeddable":true,"href":"https:\/\/www.jeanmoulinmarmande.fr\/index.php?rest_route=\/wp\/v2\/users\/3"}],"replies":[{"embeddable":true,"href":"https:\/\/www.jeanmoulinmarmande.fr\/index.php?rest_route=%2Fwp%2Fv2%2Fcomments&post=5956"}],"version-history":[{"count":2,"href":"https:\/\/www.jeanmoulinmarmande.fr\/index.php?rest_route=\/wp\/v2\/posts\/5956\/revisions"}],"predecessor-version":[{"id":5971,"href":"https:\/\/www.jeanmoulinmarmande.fr\/index.php?rest_route=\/wp\/v2\/posts\/5956\/revisions\/5971"}],"wp:featuredmedia":[{"embeddable":true,"href":"https:\/\/www.jeanmoulinmarmande.fr\/index.php?rest_route=\/wp\/v2\/media\/5970"}],"wp:attachment":[{"href":"https:\/\/www.jeanmoulinmarmande.fr\/index.php?rest_route=%2Fwp%2Fv2%2Fmedia&parent=5956"}],"wp:term":[{"taxonomy":"category","embeddable":true,"href":"https:\/\/www.jeanmoulinmarmande.fr\/index.php?rest_route=%2Fwp%2Fv2%2Fcategories&post=5956"},{"taxonomy":"post_tag","embeddable":true,"href":"https:\/\/www.jeanmoulinmarmande.fr\/index.php?rest_route=%2Fwp%2Fv2%2Ftags&post=5956"}],"curies":[{"name":"wp","href":"https:\/\/api.w.org\/{rel}","templated":true}]}}