{"id":5591,"date":"2017-12-12T08:00:56","date_gmt":"2017-12-12T07:00:56","guid":{"rendered":"http:\/\/www.jeanmoulinmarmande.fr\/?p=5591"},"modified":"2017-12-13T18:33:23","modified_gmt":"2017-12-13T17:33:23","slug":"cap-vente","status":"publish","type":"post","link":"https:\/\/www.jeanmoulinmarmande.fr\/?p=5591","title":{"rendered":"CAP Vente"},"content":{"rendered":"<p>Quatre anciens \u00e9l\u00e8ves de la Segpa du coll\u00e8ge \u00e9taient \u00e0 l&rsquo;honneur jeudi soir lors de la soir\u00e9e des Laur\u00e9ats de la Cit\u00e9 de la Formation de Marmande.&nbsp;<br \/>\nNous f\u00e9licitons Le\u00efla Bana qui a obtenu le CAP Vente option A,&nbsp; Melvin El Ouachi celui de CAP employ\u00e9 de commerce et Marie Drure pour son titre professionnel en vente.&nbsp;<br \/>\nJohana Zannese qui vient d&rsquo;obtenir le CAP vente option B poursuit son cursus en bac professionnel.<br \/>\nBravo \u00e0 tous les quatre nous leur souhaitons le meilleur dans leur carri\u00e8re professionnelle.&nbsp;<br \/>\nRemerciements aux formateurs du CFA qui encadrent avec rigueur et bienveillance nos anciens \u00e9l\u00e8ves pour les mener \u00e0 la r\u00e9ussite.&nbsp;<\/p>\n<p><img loading=\"lazy\" decoding=\"async\" class=\"alignnone size-medium wp-image-5598\" src=\"http:\/\/www.jeanmoulinmarmande.fr\/wp-content\/uploads\/2017\/12\/remise-CAP-Le\u00efla-Bana-300x200.jpg\" alt=\"\" width=\"300\" height=\"200\" srcset=\"https:\/\/www.jeanmoulinmarmande.fr\/wp-content\/uploads\/2017\/12\/remise-CAP-Le\u00efla-Bana-300x200.jpg 300w, https:\/\/www.jeanmoulinmarmande.fr\/wp-content\/uploads\/2017\/12\/remise-CAP-Le\u00efla-Bana-150x100.jpg 150w, https:\/\/www.jeanmoulinmarmande.fr\/wp-content\/uploads\/2017\/12\/remise-CAP-Le\u00efla-Bana-768x513.jpg 768w, https:\/\/www.jeanmoulinmarmande.fr\/wp-content\/uploads\/2017\/12\/remise-CAP-Le\u00efla-Bana.jpg 1010w\" sizes=\"auto, (max-width: 300px) 100vw, 300px\" \/> <img loading=\"lazy\" decoding=\"async\" class=\"alignnone size-medium wp-image-5597\" src=\"http:\/\/www.jeanmoulinmarmande.fr\/wp-content\/uploads\/2017\/12\/CAP-Le\u00efla-Bana-300x225.jpg\" alt=\"\" width=\"300\" height=\"225\" srcset=\"https:\/\/www.jeanmoulinmarmande.fr\/wp-content\/uploads\/2017\/12\/CAP-Le\u00efla-Bana-300x225.jpg 300w, https:\/\/www.jeanmoulinmarmande.fr\/wp-content\/uploads\/2017\/12\/CAP-Le\u00efla-Bana-150x113.jpg 150w, https:\/\/www.jeanmoulinmarmande.fr\/wp-content\/uploads\/2017\/12\/CAP-Le\u00efla-Bana-768x576.jpg 768w, https:\/\/www.jeanmoulinmarmande.fr\/wp-content\/uploads\/2017\/12\/CAP-Le\u00efla-Bana-1024x768.jpg 1024w, https:\/\/www.jeanmoulinmarmande.fr\/wp-content\/uploads\/2017\/12\/CAP-Le\u00efla-Bana.jpg 1080w\" sizes=\"auto, (max-width: 300px) 100vw, 300px\" \/> <img loading=\"lazy\" decoding=\"async\" class=\"alignnone size-medium wp-image-5596\" src=\"http:\/\/www.jeanmoulinmarmande.fr\/wp-content\/uploads\/2017\/12\/CAP-Johanna-Zannese-300x225.jpg\" alt=\"\" width=\"300\" height=\"225\" srcset=\"https:\/\/www.jeanmoulinmarmande.fr\/wp-content\/uploads\/2017\/12\/CAP-Johanna-Zannese-300x225.jpg 300w, https:\/\/www.jeanmoulinmarmande.fr\/wp-content\/uploads\/2017\/12\/CAP-Johanna-Zannese-150x113.jpg 150w, https:\/\/www.jeanmoulinmarmande.fr\/wp-content\/uploads\/2017\/12\/CAP-Johanna-Zannese-768x576.jpg 768w, https:\/\/www.jeanmoulinmarmande.fr\/wp-content\/uploads\/2017\/12\/CAP-Johanna-Zannese.jpg 960w\" sizes=\"auto, (max-width: 300px) 100vw, 300px\" \/><\/p>\n","protected":false},"excerpt":{"rendered":"<p>Quatre anciens \u00e9l\u00e8ves de la Segpa du coll\u00e8ge \u00e9taient \u00e0 l&rsquo;honneur jeudi soir lors de la soir\u00e9e des Laur\u00e9ats de la Cit\u00e9 de la Formation de Marmande.&nbsp; Nous f\u00e9licitons Le\u00efla Bana qui a obtenu le CAP Vente option A,&nbsp; Melvin El Ouachi celui de CAP employ\u00e9 de commerce et Marie Drure pour son titre professionnel &hellip; <a href=\"https:\/\/www.jeanmoulinmarmande.fr\/?p=5591\" class=\"more-link\">Continuer la lecture de <span class=\"screen-reader-text\">CAP Vente<\/span>  <span class=\"meta-nav\">&rarr;<\/span><\/a><\/p>\n","protected":false},"author":3,"featured_media":0,"comment_status":"closed","ping_status":"open","sticky":false,"template":"","format":"standard","meta":{"ngg_post_thumbnail":0,"footnotes":""},"categories":[67],"tags":[],"class_list":["post-5591","post","type-post","status-publish","format-standard","hentry","category-segpa-activites"],"_links":{"self":[{"href":"https:\/\/www.jeanmoulinmarmande.fr\/index.php?rest_route=\/wp\/v2\/posts\/5591","targetHints":{"allow":["GET"]}}],"collection":[{"href":"https:\/\/www.jeanmoulinmarmande.fr\/index.php?rest_route=\/wp\/v2\/posts"}],"about":[{"href":"https:\/\/www.jeanmoulinmarmande.fr\/index.php?rest_route=\/wp\/v2\/types\/post"}],"author":[{"embeddable":true,"href":"https:\/\/www.jeanmoulinmarmande.fr\/index.php?rest_route=\/wp\/v2\/users\/3"}],"replies":[{"embeddable":true,"href":"https:\/\/www.jeanmoulinmarmande.fr\/index.php?rest_route=%2Fwp%2Fv2%2Fcomments&post=5591"}],"version-history":[{"count":2,"href":"https:\/\/www.jeanmoulinmarmande.fr\/index.php?rest_route=\/wp\/v2\/posts\/5591\/revisions"}],"predecessor-version":[{"id":5599,"href":"https:\/\/www.jeanmoulinmarmande.fr\/index.php?rest_route=\/wp\/v2\/posts\/5591\/revisions\/5599"}],"wp:attachment":[{"href":"https:\/\/www.jeanmoulinmarmande.fr\/index.php?rest_route=%2Fwp%2Fv2%2Fmedia&parent=5591"}],"wp:term":[{"taxonomy":"category","embeddable":true,"href":"https:\/\/www.jeanmoulinmarmande.fr\/index.php?rest_route=%2Fwp%2Fv2%2Fcategories&post=5591"},{"taxonomy":"post_tag","embeddable":true,"href":"https:\/\/www.jeanmoulinmarmande.fr\/index.php?rest_route=%2Fwp%2Fv2%2Ftags&post=5591"}],"curies":[{"name":"wp","href":"https:\/\/api.w.org\/{rel}","templated":true}]}}