{"id":5206,"date":"2017-10-06T20:55:00","date_gmt":"2017-10-06T18:55:00","guid":{"rendered":"http:\/\/www.jeanmoulinmarmande.fr\/?p=5206"},"modified":"2017-10-06T20:58:45","modified_gmt":"2017-10-06T18:58:45","slug":"devoirs-faits","status":"publish","type":"post","link":"https:\/\/www.jeanmoulinmarmande.fr\/?p=5206","title":{"rendered":"DEVOIRS FAITS"},"content":{"rendered":"<p><strong><img loading=\"lazy\" decoding=\"async\" class=\"alignnone size-full wp-image-5208\" src=\"http:\/\/www.jeanmoulinmarmande.fr\/wp-content\/uploads\/2017\/10\/ENTETE.jpg\" alt=\"\" width=\"299\" height=\"98\" srcset=\"https:\/\/www.jeanmoulinmarmande.fr\/wp-content\/uploads\/2017\/10\/ENTETE.jpg 299w, https:\/\/www.jeanmoulinmarmande.fr\/wp-content\/uploads\/2017\/10\/ENTETE-150x49.jpg 150w\" sizes=\"auto, (max-width: 299px) 100vw, 299px\" \/><\/strong><\/p>\n<p>&nbsp;<\/p>\n<p>Madame, Monsieur,<\/p>\n<p>Le Pr\u00e9sident de la R\u00e9publique a indiqu\u00e9 qu\u2019il souhaitait offrir \u00e0 tous les \u00e9l\u00e8ves un accompagnement pour les devoirs. Le travail personnel est important pour la r\u00e9ussite de la scolarit\u00e9. Les devoirs doivent \u00e9galement contribuer \u00e0 l\u2019individualisation du parcours des \u00e9l\u00e8ves. Le programme Devoirs faits propose aux coll\u00e9giens volontaires des \u00e9tudes dirig\u00e9es dans l\u2019\u00e9tablissement \u00e0 partir de novembre 2017.<\/p>\n<p>\u00ab\u00a0Devoirs faits\u00a0\u00bb est un temps de travail essentiel qui offre un cadre privil\u00e9gi\u00e9 pour favoriser l\u2019autonomie et les progr\u00e8s de vos enfants. Devoirs faits peut \u00eatre assur\u00e9 par des professeurs, des AED, les services civiques ou des personnels d\u2019association.<\/p>\n<p>\u00ab\u00a0Devoirs faits\u00a0\u00bb est coordonn\u00e9 par un professeur de l\u2019\u00e9tablissement.<\/p>\n<p>Au coll\u00e8ge Jean Moulin, \u00e0 partir du lundi 6 novembre 2017 :<\/p>\n<ol>\n<li>un temps d\u2019\u00e9tude dirig\u00e9e pourra \u00eatre propos\u00e9 \u00e0 votre enfant si son emploi du temps le lui permet. Ce temps d&rsquo;accompagnement d&rsquo;une dur\u00e9e de 1h maximum par semaine sera inscrit dans son emploi du temps.<\/li>\n<li>Des temps de travail -facultatifs- pourront avoir lieu dans les moments libres de la journ\u00e9e de 13h \u00e0 14h ou de 16h \u00e0 17h.<\/li>\n<\/ol>\n<p>&nbsp;&nbsp;&nbsp;&nbsp;&nbsp;&nbsp;&nbsp;&nbsp;&nbsp;&nbsp;&nbsp;&nbsp;&nbsp;&nbsp; Vous pouvez inscrire votre enfant en compl\u00e9tant le tableau suivant.<\/p>\n<p>&nbsp;&nbsp;&nbsp;&nbsp;&nbsp;&nbsp;&nbsp;&nbsp;&nbsp;&nbsp;&nbsp;&nbsp;&nbsp;&nbsp; Votre enfant sera inscrit pour une p\u00e9riode de 6 semaines soit jusqu&rsquo;aux prochaines vacances.<\/p>\n<p>Le nombre de places \u00e9tant limit\u00e9 \u00e0 12 \u00e9l\u00e8ves par groupe, l&rsquo;\u00e9quipe p\u00e9dagogique identifiera les \u00e9l\u00e8ves prioritaires.<\/p>\n<p>&nbsp;<\/p>\n","protected":false},"excerpt":{"rendered":"<p>&nbsp; Madame, Monsieur, Le Pr\u00e9sident de la R\u00e9publique a indiqu\u00e9 qu\u2019il souhaitait offrir \u00e0 tous les \u00e9l\u00e8ves un accompagnement pour les devoirs. Le travail personnel est important pour la r\u00e9ussite de la scolarit\u00e9. Les devoirs doivent \u00e9galement contribuer \u00e0 l\u2019individualisation du parcours des \u00e9l\u00e8ves. Le programme Devoirs faits propose aux coll\u00e9giens volontaires des \u00e9tudes dirig\u00e9es &hellip; <a href=\"https:\/\/www.jeanmoulinmarmande.fr\/?p=5206\" class=\"more-link\">Continuer la lecture de <span class=\"screen-reader-text\">DEVOIRS FAITS<\/span>  <span class=\"meta-nav\">&rarr;<\/span><\/a><\/p>\n","protected":false},"author":3,"featured_media":0,"comment_status":"closed","ping_status":"open","sticky":false,"template":"","format":"standard","meta":{"ngg_post_thumbnail":0,"footnotes":""},"categories":[62],"tags":[86],"class_list":["post-5206","post","type-post","status-publish","format-standard","hentry","category-info-generales","tag-infos-parents"],"_links":{"self":[{"href":"https:\/\/www.jeanmoulinmarmande.fr\/index.php?rest_route=\/wp\/v2\/posts\/5206","targetHints":{"allow":["GET"]}}],"collection":[{"href":"https:\/\/www.jeanmoulinmarmande.fr\/index.php?rest_route=\/wp\/v2\/posts"}],"about":[{"href":"https:\/\/www.jeanmoulinmarmande.fr\/index.php?rest_route=\/wp\/v2\/types\/post"}],"author":[{"embeddable":true,"href":"https:\/\/www.jeanmoulinmarmande.fr\/index.php?rest_route=\/wp\/v2\/users\/3"}],"replies":[{"embeddable":true,"href":"https:\/\/www.jeanmoulinmarmande.fr\/index.php?rest_route=%2Fwp%2Fv2%2Fcomments&post=5206"}],"version-history":[{"count":2,"href":"https:\/\/www.jeanmoulinmarmande.fr\/index.php?rest_route=\/wp\/v2\/posts\/5206\/revisions"}],"predecessor-version":[{"id":5209,"href":"https:\/\/www.jeanmoulinmarmande.fr\/index.php?rest_route=\/wp\/v2\/posts\/5206\/revisions\/5209"}],"wp:attachment":[{"href":"https:\/\/www.jeanmoulinmarmande.fr\/index.php?rest_route=%2Fwp%2Fv2%2Fmedia&parent=5206"}],"wp:term":[{"taxonomy":"category","embeddable":true,"href":"https:\/\/www.jeanmoulinmarmande.fr\/index.php?rest_route=%2Fwp%2Fv2%2Fcategories&post=5206"},{"taxonomy":"post_tag","embeddable":true,"href":"https:\/\/www.jeanmoulinmarmande.fr\/index.php?rest_route=%2Fwp%2Fv2%2Ftags&post=5206"}],"curies":[{"name":"wp","href":"https:\/\/api.w.org\/{rel}","templated":true}]}}