{"id":5178,"date":"2017-10-01T21:04:31","date_gmt":"2017-10-01T19:04:31","guid":{"rendered":"http:\/\/www.jeanmoulinmarmande.fr\/?p=5178"},"modified":"2017-10-03T15:45:11","modified_gmt":"2017-10-03T13:45:11","slug":"raid-departemmental","status":"publish","type":"post","link":"https:\/\/www.jeanmoulinmarmande.fr\/?p=5178","title":{"rendered":"Raid d\u00e9partemental"},"content":{"rendered":"<p>16 \u00e9l\u00e8ves \u00e9taient pr\u00e9sents dans les 4 \u00e9quipes du coll\u00e8ge au raid d\u00e9partemental des 24 et 25 f\u00e9vrier autour du lac de Casteljaloux.<\/p>\n<p>F\u00e9licitations \u00e0 l&rsquo;\u00e9quipe 3 qualifi\u00e9e pour le Raid Acad\u00e9mique !! PHILIPPOT L\u00e9o, LEYX-VALADE Hugo, LAPEYRIE Oph\u00e9lie et BERTEAU Camille<\/p>\nngg_shortcode_0_placeholder\n<p>&nbsp;<\/p>\n","protected":false},"excerpt":{"rendered":"<p>16 \u00e9l\u00e8ves \u00e9taient pr\u00e9sents dans les 4 \u00e9quipes du coll\u00e8ge au raid d\u00e9partemental des 24 et 25 f\u00e9vrier autour du lac de Casteljaloux. F\u00e9licitations \u00e0 l&rsquo;\u00e9quipe 3 qualifi\u00e9e pour le Raid Acad\u00e9mique !! PHILIPPOT L\u00e9o, LEYX-VALADE Hugo, LAPEYRIE Oph\u00e9lie et BERTEAU Camille \u00a0\u00bb template=\u00a0\u00bb\/homepages\/39\/d278708864\/htdocs\/wp-content\/plugins\/nextgen-gallery\/products\/photocrati_nextgen\/modules\/ngglegacy\/view\/gallery.php\u00a0\u00bb order_by=\u00a0\u00bbsortorder\u00a0\u00bb order_direction=\u00a0\u00bbASC\u00a0\u00bb returns=\u00a0\u00bbincluded\u00a0\u00bb maximum_entity_count=\u00a0\u00bb500&Prime;] &nbsp;<\/p>\n","protected":false},"author":3,"featured_media":5198,"comment_status":"closed","ping_status":"open","sticky":false,"template":"","format":"standard","meta":{"ngg_post_thumbnail":0,"footnotes":""},"categories":[3,4],"tags":[97],"class_list":["post-5178","post","type-post","status-publish","format-standard","has-post-thumbnail","hentry","category-activites","category-association-sportive","tag-competitions-sportives"],"_links":{"self":[{"href":"https:\/\/www.jeanmoulinmarmande.fr\/index.php?rest_route=\/wp\/v2\/posts\/5178","targetHints":{"allow":["GET"]}}],"collection":[{"href":"https:\/\/www.jeanmoulinmarmande.fr\/index.php?rest_route=\/wp\/v2\/posts"}],"about":[{"href":"https:\/\/www.jeanmoulinmarmande.fr\/index.php?rest_route=\/wp\/v2\/types\/post"}],"author":[{"embeddable":true,"href":"https:\/\/www.jeanmoulinmarmande.fr\/index.php?rest_route=\/wp\/v2\/users\/3"}],"replies":[{"embeddable":true,"href":"https:\/\/www.jeanmoulinmarmande.fr\/index.php?rest_route=%2Fwp%2Fv2%2Fcomments&post=5178"}],"version-history":[{"count":3,"href":"https:\/\/www.jeanmoulinmarmande.fr\/index.php?rest_route=\/wp\/v2\/posts\/5178\/revisions"}],"predecessor-version":[{"id":5200,"href":"https:\/\/www.jeanmoulinmarmande.fr\/index.php?rest_route=\/wp\/v2\/posts\/5178\/revisions\/5200"}],"wp:featuredmedia":[{"embeddable":true,"href":"https:\/\/www.jeanmoulinmarmande.fr\/index.php?rest_route=\/wp\/v2\/media\/5198"}],"wp:attachment":[{"href":"https:\/\/www.jeanmoulinmarmande.fr\/index.php?rest_route=%2Fwp%2Fv2%2Fmedia&parent=5178"}],"wp:term":[{"taxonomy":"category","embeddable":true,"href":"https:\/\/www.jeanmoulinmarmande.fr\/index.php?rest_route=%2Fwp%2Fv2%2Fcategories&post=5178"},{"taxonomy":"post_tag","embeddable":true,"href":"https:\/\/www.jeanmoulinmarmande.fr\/index.php?rest_route=%2Fwp%2Fv2%2Ftags&post=5178"}],"curies":[{"name":"wp","href":"https:\/\/api.w.org\/{rel}","templated":true}]}}