{"id":5129,"date":"2017-09-04T21:20:20","date_gmt":"2017-09-04T19:20:20","guid":{"rendered":"http:\/\/www.jeanmoulinmarmande.fr\/?p=5129"},"modified":"2017-09-04T21:20:20","modified_gmt":"2017-09-04T19:20:20","slug":"stage-3eme","status":"publish","type":"post","link":"https:\/\/www.jeanmoulinmarmande.fr\/?p=5129","title":{"rendered":"Stage 3\u00e8me"},"content":{"rendered":"<p><strong>S\u00e9quence d&rsquo;observation en milieu professionnel pour les \u00e9l\u00e8ves des classes de troisi\u00e8me <\/strong><\/p>\n<p>La s\u00e9quence d&rsquo;observation en milieu professionnel est obligatoire pour tous les \u00e9l\u00e8ves des classes de troisi\u00e8me. Elle se d\u00e9roule dans les entreprises, les associations, les administrations, les \u00e9tablissements publics ou les collectivit\u00e9s territoriales, aux conditions pr\u00e9vues par le code du travail. \u00c0 partir de 2016, elle est int\u00e9gr\u00e9e au parcours Avenir.<\/p>\n<p><strong>Le caract\u00e8re obligatoire<\/strong><\/p>\n<p><strong>Tous les \u00e9l\u00e8ves des classes de troisi\u00e8me<\/strong> doivent effectuer une <strong>s\u00e9quence d&rsquo;observation<\/strong> dans l&rsquo;ann\u00e9e scolaire, en application des dispositions de <a href=\"http:\/\/www.legifrance.org\/affichCodeArticle.do;jsessionid=65533F8E4B1BB608017B8F5E7811D394.tpdjo14v_2?idArticle=LEGIARTI000006527073&amp;cidTexte=LEGITEXT000006071191&amp;dateTexte=20130125\">l&rsquo;article D. 332-14 du code de l&rsquo;\u00e9ducation<\/a>.<\/p>\n<p><strong>L&rsquo;\u00e2ge des \u00e9l\u00e8ves<\/strong><\/p>\n<ul>\n<li>Les \u00e9l\u00e8ves \u00e2g\u00e9s de <strong>14 ans<\/strong> <strong>et plus<\/strong>&nbsp;: ils&nbsp;peuvent effectuer des s\u00e9quences d&rsquo;observation dans les entreprises, les associations, les administrations, les \u00e9tablissements publics ou les collectivit\u00e9s territoriales, aux conditions pr\u00e9vues \u00e0 l&rsquo;article L. 4153-1 du code du travail.<\/li>\n<\/ul>\n<ul>\n<li>Les \u00e9l\u00e8ves \u00e2g\u00e9s de<strong> moins de 14 ans<\/strong>&nbsp;: les dispositions des articles L. 4111-1 et suivants et L. 4153-1 du code du travail ne permettent pas aux \u00e9l\u00e8ves de moins de 14 ans d&rsquo;effectuer&nbsp;de s\u00e9quence d&rsquo;observation dans les \u00e9tablissements r\u00e9gis par le droit priv\u00e9. N\u00e9anmoins l&rsquo;article L. 4153-5 du code du travail&nbsp;pr\u00e9voit une exception&nbsp;: ils sont autoris\u00e9s \u00e0 accomplir des s\u00e9quences d&rsquo;observation \u00ab&nbsp;[&#8230;] <em>dans les \u00e9tablissements o\u00f9 ne sont employ\u00e9s que les membres de la famille sous l&rsquo;autorit\u00e9 soit du p\u00e8re, soit de la m\u00e8re, soit du tuteur [&#8230;]<\/em>\u00bb. De m\u00eame, les employeurs tels que les administrations, les \u00e9tablissements publics administratifs et les collectivit\u00e9s territoriales, peuvent accueillir les \u00e9l\u00e8ves sans restriction d&rsquo;\u00e2ge.<\/li>\n<\/ul>\n<p><strong>L&rsquo;organisation<\/strong><\/p>\n<p>Le choix des p\u00e9riodes pour les s\u00e9quences d&rsquo;observation en milieu professionnel rel\u00e8ve de l&rsquo;initiative des \u00e9tablissements&nbsp;; son organisation durant les vacances scolaires est formellement exclue. La dur\u00e9e de la s\u00e9quence d&rsquo;observation peut \u00eatre de cinq jours cons\u00e9cutifs ou non.<\/p>\n<p>Les \u00e9l\u00e8ves et leurs familles se chargent de la recherche et du choix des <strong>lieux des s\u00e9quences d&rsquo;observation<\/strong>&nbsp;; ils peuvent se faire aider dans leurs d\u00e9marches par les \u00e9quipes p\u00e9dagogiques et les \u00e9tablissements d&rsquo;accueil en milieu professionnel des \u00e9l\u00e8ves de moins de seize ans.<\/p>\n<p>http:\/\/eduscol.education.fr\/cid46879\/sequence-d-observation-en-classe-de-troisieme.html<\/p>\n","protected":false},"excerpt":{"rendered":"<p>S\u00e9quence d&rsquo;observation en milieu professionnel pour les \u00e9l\u00e8ves des classes de troisi\u00e8me La s\u00e9quence d&rsquo;observation en milieu professionnel est obligatoire pour tous les \u00e9l\u00e8ves des classes de troisi\u00e8me. Elle se d\u00e9roule dans les entreprises, les associations, les administrations, les \u00e9tablissements publics ou les collectivit\u00e9s territoriales, aux conditions pr\u00e9vues par le code du travail. \u00c0 partir &hellip; <a href=\"https:\/\/www.jeanmoulinmarmande.fr\/?p=5129\" class=\"more-link\">Continuer la lecture de <span class=\"screen-reader-text\">Stage 3\u00e8me<\/span>  <span class=\"meta-nav\">&rarr;<\/span><\/a><\/p>\n","protected":false},"author":3,"featured_media":0,"comment_status":"closed","ping_status":"open","sticky":false,"template":"","format":"standard","meta":{"ngg_post_thumbnail":0,"footnotes":""},"categories":[117],"tags":[],"class_list":["post-5129","post","type-post","status-publish","format-standard","hentry","category-stage"],"_links":{"self":[{"href":"https:\/\/www.jeanmoulinmarmande.fr\/index.php?rest_route=\/wp\/v2\/posts\/5129","targetHints":{"allow":["GET"]}}],"collection":[{"href":"https:\/\/www.jeanmoulinmarmande.fr\/index.php?rest_route=\/wp\/v2\/posts"}],"about":[{"href":"https:\/\/www.jeanmoulinmarmande.fr\/index.php?rest_route=\/wp\/v2\/types\/post"}],"author":[{"embeddable":true,"href":"https:\/\/www.jeanmoulinmarmande.fr\/index.php?rest_route=\/wp\/v2\/users\/3"}],"replies":[{"embeddable":true,"href":"https:\/\/www.jeanmoulinmarmande.fr\/index.php?rest_route=%2Fwp%2Fv2%2Fcomments&post=5129"}],"version-history":[{"count":1,"href":"https:\/\/www.jeanmoulinmarmande.fr\/index.php?rest_route=\/wp\/v2\/posts\/5129\/revisions"}],"predecessor-version":[{"id":5130,"href":"https:\/\/www.jeanmoulinmarmande.fr\/index.php?rest_route=\/wp\/v2\/posts\/5129\/revisions\/5130"}],"wp:attachment":[{"href":"https:\/\/www.jeanmoulinmarmande.fr\/index.php?rest_route=%2Fwp%2Fv2%2Fmedia&parent=5129"}],"wp:term":[{"taxonomy":"category","embeddable":true,"href":"https:\/\/www.jeanmoulinmarmande.fr\/index.php?rest_route=%2Fwp%2Fv2%2Fcategories&post=5129"},{"taxonomy":"post_tag","embeddable":true,"href":"https:\/\/www.jeanmoulinmarmande.fr\/index.php?rest_route=%2Fwp%2Fv2%2Ftags&post=5129"}],"curies":[{"name":"wp","href":"https:\/\/api.w.org\/{rel}","templated":true}]}}