{"id":5007,"date":"2017-06-19T21:03:25","date_gmt":"2017-06-19T19:03:25","guid":{"rendered":"http:\/\/www.jeanmoulinmarmande.fr\/?p=5007"},"modified":"2017-06-19T21:06:24","modified_gmt":"2017-06-19T19:06:24","slug":"les-6e1-a-grateloup","status":"publish","type":"post","link":"https:\/\/www.jeanmoulinmarmande.fr\/?p=5007","title":{"rendered":"Les 6e1 \u00e0 Grateloup"},"content":{"rendered":"<p>Le premier juin nous sommes partis du coll\u00e8ge \u00e0 8h 30 pour nous rendre \u00e0 Grateloup, au quinzi\u00e8me salon de litt\u00e9rature jeunesse, \u00ab&nbsp;mange-livres&nbsp;\u00bb. Nous \u00e9tions guid\u00e9s et accompagn\u00e9s par Mme Clotis et Mme Le Gall. Avant la premi\u00e8re activit\u00e9, nous avons pu aller librement dans les librairies du salon o\u00f9 nous pouvions acheter des livres (parmi \u00ab&nbsp;une collection immense&nbsp;\u00bb \u00e9crit Hugo). Nous avions rendez-vous \u00e0 9h30 avec Lucie Braud, auteure, qui nous a lu la premi\u00e8re page de l\u2019album <em>Ah&nbsp;! Ernesto<\/em> de Marguerite Duras. Nous avons discut\u00e9 et \u00e9chang\u00e9 \u00e0 partir de la phrase \u00e9tonnante d\u2019Ernesto, un enfant qui d\u00e9cide de ne plus retourner \u00e0 l\u2019\u00e9cole apr\u00e8s son premier jour de classe&nbsp;: \u00ab\u00a0A l&rsquo;\u00e9cole on m&rsquo;apprend des choses que je ne sais pas.\u00a0\u00bb Cette rencontre dans un jardin \u00ab&nbsp;tr\u00e8s agr\u00e9able&nbsp;\u00bb (Philippine) a beaucoup plu&nbsp;: \u00ab&nbsp;Lucie Braud posait les bonnes questions au bon moment&nbsp;\u00bb (Lilou), \u00ab&nbsp;on pouvait dire tout ce qu\u2019on pensait ou \u00e9couter l\u2019imagination des autres, \u00e7a faisait du bien&nbsp;\u00bb (G\u00e9nessa), \u00ab&nbsp;on a pu savoir les avis des autres sur certains sujets de la vie&nbsp;\u00bb (Claudia). Lucie a eu envie de terminer la rencontre par une lecture, <em>Les oiseaux<\/em> de Germano Zullo et Albertine. Ce moment a \u00e9t\u00e9 appr\u00e9ci\u00e9&nbsp;: \u00ab&nbsp;J\u2019ai aim\u00e9 <em>Les oiseaux<\/em> car il \u00e9tait \u00e9mouvant et quelqu\u2019un a pleur\u00e9 car il aimait tellement bien ce livre&nbsp;!&nbsp;\u00bb (Jules), \u00ab&nbsp;J\u2019ai ador\u00e9 le livre <em>Les oiseaux<\/em>&nbsp;!&nbsp;\u00bb (Hugo).<\/p>\n<p>Puis nous avons d\u00e9jeun\u00e9 \u00e0 l\u2019ombre, sous le porche de l\u2019\u00e9glise. Madame Clotis nous a expliqu\u00e9 comment allait se d\u00e9rouler l\u2019apr\u00e8s-midi.&nbsp; Nous avons eu du temps libre entre le repas et la rencontre avec l\u2019auteur illustrateur Fran\u00e7ois Place pr\u00e9vue \u00e0 14h. Nous avons pu aller voir l\u2019exposition de Lucie Braud et Lauranne Quentric, r\u00e9alis\u00e9e \u00e0 partir d\u2019entretiens men\u00e9s avec les enfants de l\u2019\u00e9cole de Grateloup. Lors de la deuxi\u00e8me activit\u00e9, Fran\u00e7ois Place a r\u00e9pondu \u00e0 toutes les questions que nous avions pr\u00e9par\u00e9es en classe, et il nous a lu des extraits d\u2019autres livres qu\u2019il avait \u00e9crits et illustr\u00e9s, et que nous ne connaissions pas. Nous avons offert un cadeau \u00e0 Fran\u00e7ois Place&nbsp;: un livret avec tous nos textes \u00e9crits \u00e0 partir de ses \u0153uvres, et quelques illustrations. Lilou a lu une histoire et il nous a offert \u00e0 son tour deux dessins&nbsp;: \u00ab&nbsp;Il nous a dessin\u00e9es, Calixte, Lilou, Philippine et moi, j\u2019ai trouv\u00e9 \u00e7a super bien&nbsp;!&nbsp;\u00bb (Charline). \u00ab&nbsp;Fran\u00e7ois Place est super sympa, dr\u00f4le et il dessine tr\u00e8s tr\u00e8s bien&nbsp;\u00bb (Lilou), \u00ab&nbsp;C\u2019\u00e9tait vraiment bien aussi quand on a pu en savoir un peu plus sur lui&nbsp;\u00bb (G\u00e9nessa), \u00ab&nbsp;Nous avons eu le point de vue de Fran\u00e7ois Place sur ses livres et ses illustrations, s\u2019il pr\u00e9f\u00e8re \u00eatre auteur ou illustrateur&nbsp;\u00bb (Calixte). Nous avons pu rapporter les dessins au coll\u00e8ge. Nous sommes rentr\u00e9s au coll\u00e8ge, bien contents de cette journ\u00e9e&nbsp;: \u00ab&nbsp;J\u2019ai ador\u00e9 la journ\u00e9e&nbsp;!&nbsp;\u00bb&nbsp; \u00e9crit Camille. Thomas ajoute&nbsp;: \u00ab&nbsp;J\u2019ai beaucoup aim\u00e9 la sortie \u00e0 Grateloup (m\u00eame s\u2019il faisait chaud)&nbsp;\u00bb&nbsp;; \u00ab&nbsp;J\u2019ai aim\u00e9 parler avec Fran\u00e7ois Place&nbsp;\u00bb (Ilan).<\/p>\n<p>&nbsp;<\/p>\n<p>Les \u00e9l\u00e8ves de 6<sup>e<\/sup>1, avec l\u2019aide de Mme Clotis<\/p>\nngg_shortcode_0_placeholder\n","protected":false},"excerpt":{"rendered":"<p>Le premier juin nous sommes partis du coll\u00e8ge \u00e0 8h 30 pour nous rendre \u00e0 Grateloup, au quinzi\u00e8me salon de litt\u00e9rature jeunesse, \u00ab&nbsp;mange-livres&nbsp;\u00bb. Nous \u00e9tions guid\u00e9s et accompagn\u00e9s par Mme Clotis et Mme Le Gall. Avant la premi\u00e8re activit\u00e9, nous avons pu aller librement dans les librairies du salon o\u00f9 nous pouvions acheter des livres &hellip; <a href=\"https:\/\/www.jeanmoulinmarmande.fr\/?p=5007\" class=\"more-link\">Continuer la lecture de <span class=\"screen-reader-text\">Les 6e1 \u00e0 Grateloup<\/span>  <span class=\"meta-nav\">&rarr;<\/span><\/a><\/p>\n","protected":false},"author":3,"featured_media":5023,"comment_status":"closed","ping_status":"open","sticky":false,"template":"","format":"standard","meta":{"ngg_post_thumbnail":0,"footnotes":""},"categories":[3,40,13],"tags":[],"class_list":["post-5007","post","type-post","status-publish","format-standard","has-post-thumbnail","hentry","category-activites","category-francais","category-pedagogie"],"_links":{"self":[{"href":"https:\/\/www.jeanmoulinmarmande.fr\/index.php?rest_route=\/wp\/v2\/posts\/5007","targetHints":{"allow":["GET"]}}],"collection":[{"href":"https:\/\/www.jeanmoulinmarmande.fr\/index.php?rest_route=\/wp\/v2\/posts"}],"about":[{"href":"https:\/\/www.jeanmoulinmarmande.fr\/index.php?rest_route=\/wp\/v2\/types\/post"}],"author":[{"embeddable":true,"href":"https:\/\/www.jeanmoulinmarmande.fr\/index.php?rest_route=\/wp\/v2\/users\/3"}],"replies":[{"embeddable":true,"href":"https:\/\/www.jeanmoulinmarmande.fr\/index.php?rest_route=%2Fwp%2Fv2%2Fcomments&post=5007"}],"version-history":[{"count":3,"href":"https:\/\/www.jeanmoulinmarmande.fr\/index.php?rest_route=\/wp\/v2\/posts\/5007\/revisions"}],"predecessor-version":[{"id":5021,"href":"https:\/\/www.jeanmoulinmarmande.fr\/index.php?rest_route=\/wp\/v2\/posts\/5007\/revisions\/5021"}],"wp:featuredmedia":[{"embeddable":true,"href":"https:\/\/www.jeanmoulinmarmande.fr\/index.php?rest_route=\/wp\/v2\/media\/5023"}],"wp:attachment":[{"href":"https:\/\/www.jeanmoulinmarmande.fr\/index.php?rest_route=%2Fwp%2Fv2%2Fmedia&parent=5007"}],"wp:term":[{"taxonomy":"category","embeddable":true,"href":"https:\/\/www.jeanmoulinmarmande.fr\/index.php?rest_route=%2Fwp%2Fv2%2Fcategories&post=5007"},{"taxonomy":"post_tag","embeddable":true,"href":"https:\/\/www.jeanmoulinmarmande.fr\/index.php?rest_route=%2Fwp%2Fv2%2Ftags&post=5007"}],"curies":[{"name":"wp","href":"https:\/\/api.w.org\/{rel}","templated":true}]}}