{"id":4981,"date":"2017-06-16T18:39:23","date_gmt":"2017-06-16T16:39:23","guid":{"rendered":"http:\/\/www.jeanmoulinmarmande.fr\/?p=4981"},"modified":"2017-06-16T18:39:23","modified_gmt":"2017-06-16T16:39:23","slug":"atelier-theatre-fin-de-saison","status":"publish","type":"post","link":"https:\/\/www.jeanmoulinmarmande.fr\/?p=4981","title":{"rendered":"ATELIER THEATRE FIN DE SAISON"},"content":{"rendered":"<div><strong>L&rsquo;Atelier touche \u00e0 sa fin et la semaine de r\u00e9sidence \u00e9galement.<\/strong><\/div>\n<div><strong>Les \u00e9l\u00e8ves ont travaill\u00e9 cette ann\u00e9e avec la Compagnie Prom\u00e9th\u00e9e sur <em>Le Bruit des os qui craquent <\/em>de Suzanne LEBEAU.<\/strong><\/div>\n<div><strong>Ils pr\u00e9senteront leur travail vendredi 16 juin \u00e0 20h30 au Comoedia.<\/strong><\/div>\n<div><span style=\"color: #ff0000;\"><strong>Entr\u00e9e libre.<\/strong><\/span><\/div>\n<div>ngg_shortcode_0_placeholder<\/div>\n","protected":false},"excerpt":{"rendered":"<p>L&rsquo;Atelier touche \u00e0 sa fin et la semaine de r\u00e9sidence \u00e9galement. Les \u00e9l\u00e8ves ont travaill\u00e9 cette ann\u00e9e avec la Compagnie Prom\u00e9th\u00e9e sur Le Bruit des os qui craquent de Suzanne LEBEAU. Ils pr\u00e9senteront leur travail vendredi 16 juin \u00e0 20h30 au Comoedia. Entr\u00e9e libre. \u00a0\u00bb template=\u00a0\u00bb\/homepages\/39\/d278708864\/htdocs\/wp-content\/plugins\/nextgen-gallery\/products\/photocrati_nextgen\/modules\/ngglegacy\/view\/gallery.php\u00a0\u00bb order_by=\u00a0\u00bbsortorder\u00a0\u00bb order_direction=\u00a0\u00bbASC\u00a0\u00bb returns=\u00a0\u00bbincluded\u00a0\u00bb maximum_entity_count=\u00a0\u00bb500&Prime;]<\/p>\n","protected":false},"author":3,"featured_media":4993,"comment_status":"closed","ping_status":"open","sticky":false,"template":"","format":"standard","meta":{"ngg_post_thumbnail":0,"footnotes":""},"categories":[3,5],"tags":[87,93,86],"class_list":["post-4981","post","type-post","status-publish","format-standard","has-post-thumbnail","hentry","category-activites","category-atelier-theatre-musique","tag-info-professeurs","tag-infos-eleves","tag-infos-parents"],"_links":{"self":[{"href":"https:\/\/www.jeanmoulinmarmande.fr\/index.php?rest_route=\/wp\/v2\/posts\/4981","targetHints":{"allow":["GET"]}}],"collection":[{"href":"https:\/\/www.jeanmoulinmarmande.fr\/index.php?rest_route=\/wp\/v2\/posts"}],"about":[{"href":"https:\/\/www.jeanmoulinmarmande.fr\/index.php?rest_route=\/wp\/v2\/types\/post"}],"author":[{"embeddable":true,"href":"https:\/\/www.jeanmoulinmarmande.fr\/index.php?rest_route=\/wp\/v2\/users\/3"}],"replies":[{"embeddable":true,"href":"https:\/\/www.jeanmoulinmarmande.fr\/index.php?rest_route=%2Fwp%2Fv2%2Fcomments&post=4981"}],"version-history":[{"count":2,"href":"https:\/\/www.jeanmoulinmarmande.fr\/index.php?rest_route=\/wp\/v2\/posts\/4981\/revisions"}],"predecessor-version":[{"id":4994,"href":"https:\/\/www.jeanmoulinmarmande.fr\/index.php?rest_route=\/wp\/v2\/posts\/4981\/revisions\/4994"}],"wp:featuredmedia":[{"embeddable":true,"href":"https:\/\/www.jeanmoulinmarmande.fr\/index.php?rest_route=\/wp\/v2\/media\/4993"}],"wp:attachment":[{"href":"https:\/\/www.jeanmoulinmarmande.fr\/index.php?rest_route=%2Fwp%2Fv2%2Fmedia&parent=4981"}],"wp:term":[{"taxonomy":"category","embeddable":true,"href":"https:\/\/www.jeanmoulinmarmande.fr\/index.php?rest_route=%2Fwp%2Fv2%2Fcategories&post=4981"},{"taxonomy":"post_tag","embeddable":true,"href":"https:\/\/www.jeanmoulinmarmande.fr\/index.php?rest_route=%2Fwp%2Fv2%2Ftags&post=4981"}],"curies":[{"name":"wp","href":"https:\/\/api.w.org\/{rel}","templated":true}]}}