{"id":4969,"date":"2017-06-08T18:28:11","date_gmt":"2017-06-08T16:28:11","guid":{"rendered":"http:\/\/www.jeanmoulinmarmande.fr\/?p=4969"},"modified":"2017-06-14T21:37:31","modified_gmt":"2017-06-14T19:37:31","slug":"rentree-scolaire-2017","status":"publish","type":"post","link":"https:\/\/www.jeanmoulinmarmande.fr\/?p=4969","title":{"rendered":"Rentr\u00e9e scolaire 2017"},"content":{"rendered":"<p><strong>&nbsp;COLL\u00c8GE JEAN MOULIN<\/strong><\/p>\n<p><strong>Rue Jean Mermoz<\/strong><\/p>\n<p><strong>BP 316<\/strong><\/p>\n<p><strong>47207 MARMANDE CEDEX<\/strong><\/p>\n<p><strong>T\u00e9l. : 05 53 20 36 50<\/strong><\/p>\n<p><strong>Fax&nbsp;: 05 53 64 01 32<\/strong><\/p>\n<p><a href=\"http:\/\/www.jeanmoulinmarmande.fr\"><strong>www.jeanmoulinmarmande.fr<\/strong><\/a><\/p>\n<p><a href=\"mailto:ce.0470103g@ac-bordeaux.fr\"><strong>ce.0470103g@ac-bordeaux.fr<\/strong><\/a><\/p>\n<p>&nbsp;<\/p>\n<p><span style=\"text-decoration: underline;\"><strong>Annule et remplace les pr\u00e9c\u00e9dentes informations concernant le d\u00e9roulement de la rentr\u00e9e scolaire 2017<\/strong><\/span><\/p>\n<p>La rentr\u00e9e scolaire des \u00e9l\u00e8ves est fix\u00e9e au <strong><em>Lundi 4 Septembre 2017<\/em><\/strong> \u00e0 8 heures. Seul l&rsquo;accueil des <strong>6\u00b0<\/strong> est assur\u00e9 ce jour-l\u00e0.<\/p>\n<p><strong><em>Exceptionnellement les \u00e9l\u00e8ves de 6<sup>\u00e8me<\/sup> n\u2019auront pas cours le Mardi 5 septembre 2017.<\/em><\/strong><\/p>\n<p>Les \u00e9l\u00e8ves de <strong>5<sup>\u00e8me<\/sup>, 4<sup>\u00e8m e<\/sup>, 3<sup>\u00e8me<\/sup>,<\/strong> rentreront le <strong>Mardi 5 septembre 2017 <\/strong>selon le planning suivant&nbsp;:<\/p>\n<ul>\n<li><strong>8 h accueil des \u00e9l\u00e8ves de 5<sup>\u00e8me<\/sup><\/strong><\/li>\n<li><strong>8h30 accueil des \u00e9l\u00e8ves de 4<sup>\u00e8me<\/sup><\/strong><\/li>\n<li><strong>9h accueil des \u00e9l\u00e8ves de 3<sup>\u00e8me<\/sup><\/strong><\/li>\n<\/ul>\n<p><u>Les \u00e9l\u00e8ves <strong>externes<\/strong> de 5<sup>e<\/sup> seront lib\u00e9r\u00e9s \u00e0 partir de 11h, de 4<sup>e<\/sup> \u00e0 partir de 11h30 et de 3<sup>e<\/sup> \u00e0 partir de 12h.<\/u><\/p>\n<p><strong><u>Puis Emploi du temps normal \u00e0 partir de 14h<\/u><\/strong> pour les \u00e9l\u00e8ves des <strong><u>classes de 5<sup>\u00e8me<\/sup>, 4<sup>\u00e8me<\/sup> et 3<sup>\u00e8me<\/sup><\/u><\/strong>.<\/p>\n<p>Reprise des cours avec emploi du temps normal pour <strong><u>tous les niveaux<\/u><\/strong> le <strong>mercredi 6 septembre 2017 d\u00e8s 8h.<\/strong><\/p>\n<p>La direction<\/p>\n","protected":false},"excerpt":{"rendered":"<p>&nbsp;COLL\u00c8GE JEAN MOULIN Rue Jean Mermoz BP 316 47207 MARMANDE CEDEX T\u00e9l. : 05 53 20 36 50 Fax&nbsp;: 05 53 64 01 32 www.jeanmoulinmarmande.fr ce.0470103g@ac-bordeaux.fr &nbsp; Annule et remplace les pr\u00e9c\u00e9dentes informations concernant le d\u00e9roulement de la rentr\u00e9e scolaire 2017 La rentr\u00e9e scolaire des \u00e9l\u00e8ves est fix\u00e9e au Lundi 4 Septembre 2017 \u00e0 8 &hellip; <a href=\"https:\/\/www.jeanmoulinmarmande.fr\/?p=4969\" class=\"more-link\">Continuer la lecture de <span class=\"screen-reader-text\">Rentr\u00e9e scolaire 2017<\/span>  <span class=\"meta-nav\">&rarr;<\/span><\/a><\/p>\n","protected":false},"author":3,"featured_media":0,"comment_status":"closed","ping_status":"open","sticky":false,"template":"","format":"standard","meta":{"ngg_post_thumbnail":0,"footnotes":""},"categories":[62],"tags":[],"class_list":["post-4969","post","type-post","status-publish","format-standard","hentry","category-info-generales"],"_links":{"self":[{"href":"https:\/\/www.jeanmoulinmarmande.fr\/index.php?rest_route=\/wp\/v2\/posts\/4969","targetHints":{"allow":["GET"]}}],"collection":[{"href":"https:\/\/www.jeanmoulinmarmande.fr\/index.php?rest_route=\/wp\/v2\/posts"}],"about":[{"href":"https:\/\/www.jeanmoulinmarmande.fr\/index.php?rest_route=\/wp\/v2\/types\/post"}],"author":[{"embeddable":true,"href":"https:\/\/www.jeanmoulinmarmande.fr\/index.php?rest_route=\/wp\/v2\/users\/3"}],"replies":[{"embeddable":true,"href":"https:\/\/www.jeanmoulinmarmande.fr\/index.php?rest_route=%2Fwp%2Fv2%2Fcomments&post=4969"}],"version-history":[{"count":1,"href":"https:\/\/www.jeanmoulinmarmande.fr\/index.php?rest_route=\/wp\/v2\/posts\/4969\/revisions"}],"predecessor-version":[{"id":4970,"href":"https:\/\/www.jeanmoulinmarmande.fr\/index.php?rest_route=\/wp\/v2\/posts\/4969\/revisions\/4970"}],"wp:attachment":[{"href":"https:\/\/www.jeanmoulinmarmande.fr\/index.php?rest_route=%2Fwp%2Fv2%2Fmedia&parent=4969"}],"wp:term":[{"taxonomy":"category","embeddable":true,"href":"https:\/\/www.jeanmoulinmarmande.fr\/index.php?rest_route=%2Fwp%2Fv2%2Fcategories&post=4969"},{"taxonomy":"post_tag","embeddable":true,"href":"https:\/\/www.jeanmoulinmarmande.fr\/index.php?rest_route=%2Fwp%2Fv2%2Ftags&post=4969"}],"curies":[{"name":"wp","href":"https:\/\/api.w.org\/{rel}","templated":true}]}}